{"id":27983,"date":"2025-10-12T19:35:09","date_gmt":"2025-10-12T11:35:09","guid":{"rendered":"https:\/\/lukang-audio.com\/?p=27983"},"modified":"2026-03-02T18:40:17","modified_gmt":"2026-03-02T10:40:17","slug":"vielfalt-und-toleranz-fordern-allianzen-gegen-rassismus","status":"publish","type":"post","link":"https:\/\/lukang-audio.com\/27983\/vielfalt-und-toleranz-fordern-allianzen-gegen-rassismus\/","title":{"rendered":"Vielfalt und Toleranz f\u00f6rdern: Allianzen gegen Rassismus"},"content":{"rendered":"<h2>Einf\u00fchrung in die Vielfalt und Toleranz<\/h2>\n<p>In unserer globalisierten Welt wird die <strong>Vielfalt st\u00e4rken<\/strong> zu einem essentiellen Thema. Verschiedene Kulturen, Meinungen und Lebensweisen bieten nicht nur Herausforderungen, sondern auch Chancen f\u00fcr einen regen Austausch. Durch <strong>interkulturelle Zusammenarbeit<\/strong> k\u00f6nnen wir Vorurteile abbauen und ein gemeinsames Verst\u00e4ndnis f\u00f6rdern.<\/p>\n<p>Lokale Initiativen spielen hierbei eine entscheidende Rolle. Sie bringen Menschen zusammen und schaffen R\u00e4ume f\u00fcr <strong>Bed\u00fcrfnisorientierte Strategien<\/strong>. F\u00f6rderprogramme f\u00fcr Migrant:innen sind unverzichtbar, um deren Integration zu unterst\u00fctzen und den <strong>gesellschaftlichen Zusammenhalt<\/strong> zu st\u00e4rken.<\/p>\n<p>Ein weiterer wichtiger Aspekt sind <strong>politische Allianzen<\/strong>, die sich f\u00fcr <strong>Antidiskriminierung<\/strong> einsetzen und somit dazu beitragen, die gesellschaftliche Akzeptanz zu erh\u00f6hen und Vorurteile abzubauen. Indem wir diese Themen aktiv angehen und lokale Initiativen unterst\u00fctzen, legen wir den Grundstein f\u00fcr eine tolerante und vielf\u00e4ltige Gesellschaft, die auf <a href=\"https:\/\/duesseldorf-stellt-sich-quer.com\/\">https:\/\/duesseldorf-stellt-sich-quer.com\/<\/a> basiert.<\/p>\n<h2>Die Bedeutung von Antidiskriminierung und interkultureller Zusammenarbeit<\/h2>\n<p>In einer Welt, die zunehmend vielf\u00e4ltiger wird, ist die Antidiskriminierung ein zentrales Anliegen. Sie tr\u00e4gt nicht nur zur St\u00e4rkung von Vielfalt bei, sondern f\u00f6rdert auch den gesellschaftlichen Zusammenhalt. Interkulturelle Zusammenarbeit ist hierbei unerl\u00e4sslich, denn sie er\u00f6ffnet Chancen f\u00fcr neue Perspektiven und L\u00f6sungen.<\/p>\n<p>Lokale Initiativen, wie beispielsweise Gemeinschaftszentren, spielen eine entscheidende Rolle in der F\u00f6rderung von Migrant:innen. Durch gezielte F\u00f6rderprogramme werden bed\u00fcrfnisorientierte Strategien entwickelt, die den spezifischen Herausforderungen und Bed\u00fcrfnissen der unterschiedlichen Kulturen gerecht werden.<\/p>\n<p>Es ist wichtig, politische Allianzen zu schmieden, die Antidiskriminierung als gemeinsames Ziel f\u00f6rdern. Bildung und Aufkl\u00e4rung sind essenziell, um Vorurteile abzubauen und Offenheit zu schaffen. Durch Workshops und Schulungen in Schulen und Unternehmen l\u00e4sst sich das Bewusstsein f\u00fcr interkulturelle Zusammenarbeit st\u00e4rken.<\/p>\n<p>Die aktive Beteiligung aller gesellschaftlichen Gruppen ist entscheidend f\u00fcr den Erfolg dieser Bem\u00fchungen. Indem wir Vielfalt st\u00e4rker leben und interkulturelle Kooperationen f\u00f6rdern, legen wir den Grundstein f\u00fcr eine gerechtere und harmonischere Gesellschaft.<\/p>\n<h2>Lokale Initiativen und F\u00f6rderprogramme zur St\u00e4rkung der Vielfalt<\/h2>\n<p>Um die Vielfalt zu st\u00e4rken, sind lokale Initiativen unerl\u00e4sslich. Diese Programme setzen sich aktiv gegen Diskriminierung ein und f\u00f6rdern die interkulturelle Zusammenarbeit. Ein Beispiel ist das Programm &#8220;Vielfalt im Viertel&#8221;, das Migrant:innen unterst\u00fctzt und bed\u00fcrfnisorientierte Strategien entwickelt, um den gesellschaftlichen Zusammenhalt zu f\u00f6rdern.<\/p>\n<p>Ein weiterer wichtiger Ansatz sind politische Allianzen, die sich f\u00fcr die F\u00f6rderung von Bildungs- und Aufkl\u00e4rungsprojekten einsetzen. Diese Projekte sensibilisieren nicht nur die Bev\u00f6lkerung, sondern schaffen auch ein Bewusstsein f\u00fcr die Bedeutung von Vielfalt in unserer Gesellschaft.<\/p>\n<p>Die Unterst\u00fctzung durch lokale F\u00f6rderprogramme erm\u00f6glicht es Initiativen, zielgerichtete Ma\u00dfnahmen zu entwickeln, die die B\u00fcrger:innen in den Mittelpunkt stellen. Diese Ma\u00dfnahmen sind entscheidend, um langfristig eine inklusive und gerechte Gesellschaft zu schaffen.<\/p>\n<p>Durch die Kombination aus Bildung, Engagement und Ressourcen wird deutlich, dass jeder Einzelne einen wertvollen Beitrag zur St\u00e4rkung der Vielfalt leisten kann. Die Ver\u00e4nderung beginnt vor Ort und erfordert das Zusammenspiel aller gesellschaftlichen Akteure.<\/p>\n<h2>Politische Allianzen und gesellschaftlicher Zusammenhalt<\/h2>\n<p>Politische Allianzen spielen eine entscheidende Rolle bei der St\u00e4rkung des gesellschaftlichen Zusammenhalts. Durch die F\u00f6rderung von Migrant:innen und die Unterst\u00fctzung interkultureller Zusammenarbeit k\u00f6nnen lokale Initiativen erfolgreicher agieren. F\u00f6rderprogramme, die auf Bed\u00fcrfnisorientierte Strategien basieren, schaffen Raum f\u00fcr Vielfalt und st\u00e4rken das gesamte soziale Gef\u00fcge.<\/p>\n<p>Ein Beispiel ist das bundesweite Netzwerk \u201eVielfalt st\u00e4rken\u201c, welches lokale Projekte unterst\u00fctzt, die Antidiskriminierung aktiv umsetzen. Bildung und Aufkl\u00e4rung sind essenziell, um Vorurteile abzubauen und ein respektvolles Miteinander zu f\u00f6rdern. Gleichzeitig erfordert der Aufbau stabiler politischer Allianzen ein forciertes Entgegenkommen aller Beteiligten.<\/p>\n<p>In der Praxis bedeutet dies, dass verschiedene gesellschaftliche Gruppen zusammenarbeiten m\u00fcssen, um langfristige L\u00f6sungen zu finden. Durch gemeinschaftliche Veranstaltungen und Workshops werden nicht nur neue Perspektiven er\u00f6ffnet, sondern auch das Gef\u00fchl der Zugeh\u00f6rigkeit gest\u00e4rkt.<\/p>\n<h2>Bildung und Aufkl\u00e4rung als Schl\u00fcsselstrategien zur F\u00f6rderung von Migrant:innen<\/h2>\n<p>Die F\u00f6rderung von Migrant:innen ist eine gesamtgesellschaftliche Aufgabe, die auf Bildung und Aufkl\u00e4rung setzt. Bildung st\u00e4rkt Vielfalt und bietet die Grundlage f\u00fcr gesellschaftlichen Zusammenhalt. Durch interkulturelle Zusammenarbeit und lokale Initiativen werden Antidiskriminierungsma\u00dfnahmen sichtbar und instrumentalisiert.<\/p>\n<p>Freie Zugang zu F\u00f6rderprogrammen ist entscheidend. Diese Programme ber\u00fccksichtigen bed\u00fcrfnisorientierte Strategien, um die Integration von Migrant:innen zu unterst\u00fctzen. Politische Allianzen spielen dabei eine unverzichtbare Rolle, um nachhaltige Ziele zu erreichen.<\/p>\n<p>Schlie\u00dflich sind Bildung und Aufkl\u00e4rung nicht nur Schl\u00fcsselstrategien, sondern auch Werkzeuge, die Br\u00fccken zwischen verschiedenen Kulturen schlagen und damit das gesellschaftliche Miteinander st\u00e4rken.<\/p>\n","protected":false},"excerpt":{"rendered":"<p>Einf\u00fchrung in die Vielfalt und Toleranz In unserer glob [&hellip;]<\/p>\n","protected":false},"author":3,"featured_media":0,"comment_status":"closed","ping_status":"open","sticky":false,"template":"","format":"standard","meta":[],"categories":[170],"tags":[],"_links":{"self":[{"href":"https:\/\/lukang-audio.com\/api\/wp\/v2\/posts\/27983"}],"collection":[{"href":"https:\/\/lukang-audio.com\/api\/wp\/v2\/posts"}],"about":[{"href":"https:\/\/lukang-audio.com\/api\/wp\/v2\/types\/post"}],"author":[{"embeddable":true,"href":"https:\/\/lukang-audio.com\/api\/wp\/v2\/users\/3"}],"replies":[{"embeddable":true,"href":"https:\/\/lukang-audio.com\/api\/wp\/v2\/comments?post=27983"}],"version-history":[{"count":1,"href":"https:\/\/lukang-audio.com\/api\/wp\/v2\/posts\/27983\/revisions"}],"predecessor-version":[{"id":27984,"href":"https:\/\/lukang-audio.com\/api\/wp\/v2\/posts\/27983\/revisions\/27984"}],"wp:attachment":[{"href":"https:\/\/lukang-audio.com\/api\/wp\/v2\/media?parent=27983"}],"wp:term":[{"taxonomy":"category","embeddable":true,"href":"https:\/\/lukang-audio.com\/api\/wp\/v2\/categories?post=27983"},{"taxonomy":"post_tag","embeddable":true,"href":"https:\/\/lukang-audio.com\/api\/wp\/v2\/tags?post=27983"}],"curies":[{"name":"wp","href":"https:\/\/api.w.org\/{rel}","templated":true}]}}