{"id":28017,"date":"2025-07-04T07:14:38","date_gmt":"2025-07-03T23:14:38","guid":{"rendered":"https:\/\/lukang-audio.com\/?p=28017"},"modified":"2026-03-02T19:00:43","modified_gmt":"2026-03-02T11:00:43","slug":"vedci-jako-aktiviste-jak-vedecke-poznatky-meni-politiku-a-spolecnost","status":"publish","type":"post","link":"https:\/\/lukang-audio.com\/28017\/vedci-jako-aktiviste-jak-vedecke-poznatky-meni-politiku-a-spolecnost\/","title":{"rendered":"V\u011bdci jako aktivist\u00e9 &#8211; Jak v\u011bdeck\u00e9 poznatky m\u011bn\u00ed politiku a spole\u010dnost"},"content":{"rendered":"<p><strong>Vznikaj\u00edc\u00ed avokacie<\/strong> v sou\u010dasn\u00e9m \u0161kolstv\u00ed si \u017e\u00e1d\u00e1 neust\u00e1lou reakci na aktu\u00e1ln\u00ed soci\u00e1ln\u00ed a ekologick\u00e9 probl\u00e9my. Akademici, kte\u0159\u00ed se odv\u00e1\u017en\u011b anga\u017euj\u00ed ve spole\u010densk\u00fdch ot\u00e1zk\u00e1ch, p\u0159isp\u00edvaj\u00ed k politice zalo\u017een\u00e9 na d\u016fkazech a efektivn\u00ed zm\u011bn\u011b. Je d\u016fle\u017eit\u00e9, aby si odborn\u00edci uv\u011bdomili svou roli jako aktivn\u00edch \u00fa\u010dastn\u00edk\u016f spole\u010densk\u00e9ho diskurzu.<\/p>\n<p>Etika povol\u00e1n\u00ed implikuje nejen odpov\u011bdnost v\u016f\u010di v\u00fdsledk\u016fm v\u00fdzkumu, ale tak\u00e9 nutnost reagovat na krize, kter\u00e9 na\u0161e spole\u010dnost su\u017euj\u00ed. Odborn\u00edci \u010dasto \u010del\u00ed dilematu, zda se omezit na sv\u00e9 laborato\u0159e, nebo vystoupit na ve\u0159ejnost a prosazovat reformy. Takov\u00e1 anga\u017eovanost p\u0159in\u00e1\u0161\u00ed nov\u00e9 mo\u017enosti a v\u00fdzvy, kter\u00e9 m\u011bn\u00ed tradi\u010dn\u00ed vn\u00edm\u00e1n\u00ed v\u011bdy.<\/p>\n<p>Za\u010dlen\u011bn\u00ed do hnut\u00ed jako <a href=\"https:\/\/extinctionrebellion-cz.com\/\">https:\/\/extinctionrebellion-cz.com\/<\/a> m\u016f\u017ee slou\u017eit jako p\u0159\u00edklad, jak smyslupln\u011b propojovat aktivismus s odbornost\u00ed. Akademick\u00e1 komunika\u010dn\u00ed strategie, pos\u00edlen\u00e1 modern\u00edmi technologiemi, umo\u017e\u0148uje efektivn\u00ed z\u00edsk\u00e1v\u00e1n\u00ed a sd\u00edlen\u00ed informac\u00ed, kter\u00e9 mohou ovlivnit politick\u00e1 rozhodnut\u00ed a ve\u0159ejn\u00e9 m\u00edn\u011bn\u00ed.<\/p>\n<h2>Jak v\u011bdeck\u00e9 poznatky ovliv\u0148uj\u00ed ekologick\u00e9 protesty?<\/h2>\n<p>Jasn\u011b formulovan\u00e9 a ov\u011b\u0159en\u00e9 informace mohou poskytnout z\u00e1kladn\u00ed argumenty pro organizov\u00e1n\u00ed ekologick\u00fdch akc\u00ed. Uplatn\u011bn\u00ed d\u016fkazem podlo\u017een\u00e9 politiky je kl\u00ed\u010dov\u00e9 pro p\u0159esv\u011bd\u010den\u00ed ve\u0159ejnosti o nal\u00e9havosti probl\u00e9m\u016f \u017eivotn\u00edho prost\u0159ed\u00ed.<\/p>\n<p>Profesn\u00ed etika hraje v\u00fdznamnou roli, kdy\u017e se odborn\u00edci anga\u017euj\u00ed v aktivnostech zam\u011b\u0159en\u00fdch na ochranu na\u0161\u00ed planety. Mnoz\u00ed akademici c\u00edt\u00ed odpov\u011bdnost za sv\u00e9 znalosti a rozhoduj\u00ed se vystoupit proti ekologick\u00fdm nespravedlnostem.<\/p>\n<p>V\u011bdeck\u00e9 studie informuj\u00ed protesty, zaji\u0161\u0165uj\u00ed, aby hlasy demonstrant\u016f m\u011bly hodnotu. Data z v\u00fdzkum\u016f mohou poskytnout fakta, kter\u00e1 mobilizuj\u00ed lid a inspiruj\u00ed k \u010din\u016fm.<\/p>\n<p>Advokacie, kter\u00e1 se op\u00edr\u00e1 o solidn\u00ed d\u016fkazy, je schopna m\u011bnit ve\u0159ejn\u00e9 m\u00edn\u011bn\u00ed a politiku. To zaji\u0161\u0165uje, \u017ee se p\u0159i shrom\u00e1\u017ed\u011bn\u00edch objev\u00ed kvalifikovan\u00e1 stanoviska, a zvy\u0161uje to d\u016fv\u011bryhodnost aktivistick\u00fdch skupin.<\/p>\n<p>Akademick\u00e1 anga\u017eovanost znamen\u00e1, \u017ee odborn\u00edci nejen studuj\u00ed, ale i aktivn\u011b se zapojuj\u00ed do spole\u010dnosti. T\u00edm se zvy\u0161uje \u0161ance na dosa\u017een\u00ed legislativn\u00edch zm\u011bn, kter\u00e9 mohou pozitivn\u011b ovlivnit ekologick\u00e9 politiky.<\/p>\n<p>V r\u00e1mci protest\u016f je \u010dasto zd\u016fraz\u0148ov\u00e1no spojen\u00ed mezi v\u011bdeck\u00fdm pozn\u00e1n\u00edm a osobn\u00edmi zku\u0161enostmi lid\u00ed. Takov\u00e9 spojen\u00ed d\u00e1v\u00e1 platformu pro sd\u00edlen\u00ed p\u0159\u00edb\u011bh\u016f a pom\u00e1h\u00e1 lidem se spojit s probl\u00e9my, kter\u00e9 jsou vyj\u00e1d\u0159eny na protestech.<\/p>\n<p>Podpora iniciativ, kter\u00e9 se zakl\u00e1daj\u00ed na v\u00fdzkumu, umo\u017e\u0148uje aktivist\u016fm oslovovat \u0161ir\u0161\u00ed okruh lid\u00ed. Takov\u00fd p\u0159\u00edstup m\u00e1 potenci\u00e1l sjednotit r\u016fzn\u00e9 skupiny ve spole\u010dn\u00e9m c\u00edli chr\u00e1nit na\u0161i planetu a podporovat udr\u017eitelnost.<\/p>\n<h2>V\u011bdci jako hlasy pro zm\u011bnu v politick\u00fdch debat\u00e1ch<\/h2>\n<p>Akademick\u00e1 anga\u017eovanost je kl\u00ed\u010dov\u00e1 pro podporu politiky zalo\u017een\u00e9 na d\u016fkazech. Odborn\u00edci maj\u00ed unik\u00e1tn\u00ed schopnost p\u0159in\u00e1\u0161et odborn\u00e9 znalosti do ve\u0159ejn\u00e9 diskuse, co\u017e pom\u00e1h\u00e1 formovat z\u00e1konod\u00e1rstv\u00ed na z\u00e1klad\u011b realistick\u00fdch dat a anal\u00fdz. Je nezbytn\u00e9, aby specialist\u00e9 vystoupili z tradi\u010dn\u00edch r\u00e1mc\u016f a aktivn\u011b se zapojili do debat, v nich\u017e mohou ovlivnit kl\u00ed\u010dov\u00e1 rozhodnut\u00ed.<\/p>\n<ul>\n<li>Podpora d\u016fkaz\u016f v politice<\/li>\n<li>Etick\u00e9 chov\u00e1n\u00ed v oblasti advokacie<\/li>\n<li>Mo\u017enosti pro spolupr\u00e1ci s nevl\u00e1dn\u00edmi organizacemi<\/li>\n<\/ul>\n<p>Profesn\u00ed etika hraje nezanedbatelnou roli p\u0159i zaji\u0161t\u011bn\u00ed transparentnosti a odpov\u011bdnosti v t\u011bchto diskus\u00edch. Kdy\u017e se odborn\u00edci anga\u017euj\u00ed jako advok\u00e1ti zm\u011bn, je d\u016fle\u017eit\u00e9, aby dodr\u017eovali vysok\u00e9 standardy, kter\u00e9 zaru\u010duj\u00ed d\u016fv\u011bru ve\u0159ejnosti. Takov\u00e9 p\u0159\u00edstupy nejen zlep\u0161uj\u00ed politick\u00e9 debaty, ale tak\u00e9 vytv\u00e1\u0159ej\u00ed prostor pro z\u00e1sadn\u00ed posun v d\u016frazu na d\u016fkazn\u00ed z\u00e1klad v rozhodovac\u00edm procesu.<\/p>\n<h2>Praktick\u00e9 p\u0159\u00edklady v\u011bdeck\u00e9ho aktivismu v \u010cesk\u00e9 republice<\/h2>\n<p>V\u00fdzkumn\u00edci se \u010d\u00edm d\u00e1l \u010dast\u011bji zapojuj\u00ed do advokacie, aby prosadili zm\u011bny na poli environment\u00e1ln\u00ed politiky. P\u0159\u00edkladem je iniciativa zam\u011b\u0159en\u00e1 na ochranu p\u0159\u00edrody, kter\u00e1 po\u017eaduje p\u0159ijet\u00ed d\u016fkazem podlo\u017een\u00fdch rozhodnut\u00ed, kter\u00e9 respektuj\u00ed ekologick\u00e9 principy. Profesn\u00ed etika jim vel\u00ed nab\u00edzet sv\u00e1 data a n\u00e1vrhy, \u010d\u00edm\u017e slou\u017e\u00ed jako most mezi sv\u011btem v\u00fdzkumu a politick\u00fdmi rozhodnut\u00edmi.<\/p>\n<p>V \u010dervnu 2022 se konal protest v\u011bdeck\u00e9 komunity proti neudr\u017eiteln\u00fdm praktik\u00e1m v zem\u011bd\u011blstv\u00ed, kde odborn\u00edci vystoupili s n\u00e1vrhy na reformy zalo\u017een\u00e9 na v\u011bdeck\u00fdch v\u00fdzkumech. Tato akce, zn\u00e1m\u00e1 jako \u201eV\u011bdeck\u00e1 rebelie\u201c, uk\u00e1zala, jak lze hlas renomovan\u00fdch specialist\u016f vyu\u017e\u00edt k vyvol\u00e1n\u00ed debaty v m\u00e9di\u00edch a v politick\u00e9 sf\u00e9\u0159e. U\u010denci apelovali na politiky, aby svou legislativu zakl\u00e1dali na objektivn\u00edch studi\u00edch, co\u017e p\u0159isp\u011blo k \u0161ir\u0161\u00edmu pov\u011bdom\u00ed o nutnosti zm\u011bn.<\/p>\n<table>\n<tbody>\n<tr>\n<th>Akce<\/th>\n<th>Popis<\/th>\n<th>V\u00fdsledek<\/th>\n<\/tr>\n<tr>\n<td>Iniciativa pro ochranu p\u0159\u00edrody<\/td>\n<td>Osloven\u00ed politick\u00fdch \u010dinitel\u016f s c\u00edlem implementovat ekologick\u00e9 politiky.<\/td>\n<td>P\u0159ijet\u00ed n\u011bkolika nov\u00fdch opat\u0159en\u00ed na ochranu p\u0159\u00edrody.<\/td>\n<\/tr>\n<tr>\n<td>V\u011bdeck\u00e1 rebelie 2022<\/td>\n<td>Protest za zm\u011bny v zem\u011bd\u011blstv\u00ed podporuj\u00edc\u00ed d\u016fkazem podlo\u017eenou politiku.<\/td>\n<td>Vzr\u016fst pov\u011bdom\u00ed o udr\u017eitelnosti v zem\u011bd\u011blstv\u00ed.<\/td>\n<\/tr>\n<\/tbody>\n<\/table>\n<h2>Strategie anga\u017eov\u00e1n\u00ed akademick\u00e9 obce v soci\u00e1ln\u00edch hnut\u00edch<\/h2>\n<p>Efektivn\u00ed zp\u016fsob, jak m\u016f\u017ee akademick\u00e1 sf\u00e9ra ovliv\u0148ovat spole\u010denskou zm\u011bnu, je prost\u0159ednictv\u00edm politiky zalo\u017een\u00e9 na d\u016fkazech. T\u00edmto zp\u016fsobem si odborn\u00edci buduj\u00ed d\u016fv\u011bru v argumenty, kter\u00e9 prezentuj\u00ed, a zaji\u0161\u0165uj\u00ed, \u017ee jejich n\u00e1zory jsou podlo\u017eeny solidn\u00edmi daty a v\u00fdzkumem. To nal\u00e9v\u00e1 novou energii do snahy o spravedliv\u011bj\u0161\u00ed a efektivn\u011bj\u0161\u00ed p\u0159\u00edstup k pr\u00e1vn\u00edm a etick\u00fdm ot\u00e1zk\u00e1m, kter\u00e9 \u010din\u00ed spole\u010dnost lep\u0161\u00ed.<\/p>\n<p>Advokacie se st\u00e1v\u00e1 kl\u00ed\u010dov\u00fdm prvkem v zapojen\u00ed specialist\u016f do ve\u0159ejn\u00fdch debat. Vznikaj\u00edc\u00ed aliance mezi r\u016fzn\u00fdmi oblastmi akademick\u00e9ho z\u00e1zem\u00ed podporuj\u00ed intelektu\u00e1ln\u00ed v\u00fdm\u011bnu a synergii, kter\u00e1 p\u0159in\u00e1\u0161\u00ed inovativn\u00ed p\u0159\u00edstupy k \u0159e\u0161en\u00ed spole\u010densk\u00fdch a environment\u00e1ln\u00edch probl\u00e9m\u016f. Tato spolupr\u00e1ce umo\u017e\u0148uje nejen sd\u00edlen\u00ed znalost\u00ed, ale tak\u00e9 vytv\u00e1\u0159en\u00ed siln\u00fdch argument\u016f pro smyslupln\u00e9 reformy.<\/p>\n<p>Profesn\u00ed etika hraje nepochybn\u011b z\u00e1sadn\u00ed roli ve veden\u00ed diskuz\u00ed. Odborn\u00edci mus\u00ed zohlednit nejen objektivitu sv\u00fdch z\u00e1v\u011br\u016f, ale tak\u00e9 mor\u00e1ln\u00ed d\u016fsledky sv\u00fdch \u010din\u016f. T\u00edm, \u017ee se aktivn\u011b zapojuj\u00ed do hnut\u00ed a zauj\u00edmaj\u00ed postoj k d\u016fle\u017eit\u00fdm ot\u00e1zk\u00e1m, posiluj\u00ed z\u00e1kladn\u00ed hodnoty, kter\u00e9 by m\u011bly v\u00e9st k etick\u00e9mu a spravedliv\u00e9mu sv\u011btu pro v\u0161echny.<\/p>\n<h2>Video:<\/h2>\n<h4>Jak\u00fd je hlavn\u00ed c\u00edl v\u011bdc\u016f, kte\u0159\u00ed se zapojuj\u00ed do aktivismu?<\/h4>\n<p>Hlavn\u00edm c\u00edlem t\u011bchto v\u011bdc\u016f je \u010dasto zvy\u0161ovat pov\u011bdom\u00ed o d\u016fle\u017eit\u00fdch ot\u00e1zk\u00e1ch, jako je ochrana \u017eivotn\u00edho prost\u0159ed\u00ed nebo zdrav\u00ed ve\u0159ejnosti. Cht\u011bj\u00ed vyu\u017e\u00edt sv\u00e9 odborn\u00e9 znalosti k tomu, aby ovlivnili politiku a spole\u010dnost, a uk\u00e1zali, jak mohou v\u011bdeck\u00e9 poznatky p\u0159isp\u011bt k \u0159e\u0161en\u00ed sou\u010dasn\u00fdch probl\u00e9m\u016f.<\/p>\n<h4>Mohou v\u011bdci ztratit svou objektivitu p\u0159i zapojen\u00ed do aktivismu?<\/h4>\n<p>Je to t\u00e9ma, kter\u00e9 vyvol\u00e1v\u00e1 diskuse. N\u011bkte\u0159\u00ed se domn\u00edvaj\u00ed, \u017ee anga\u017eovanost v aktivismu m\u016f\u017ee ohrozit v\u011bdeckou nestrannost, zat\u00edmco jin\u00ed argumentuj\u00ed, \u017ee v\u011bdeck\u00e9 poznatky mohou poskytnout d\u016fle\u017eit\u00e9 informace pro zodpov\u011bdn\u00e9 aktivistick\u00e9 d\u016fvody. Kl\u00ed\u010dem je rovnov\u00e1ha a zaji\u0161t\u011bn\u00ed transparentnosti v jejich pr\u00e1ci.<\/p>\n<h4>Jak\u00e9 formy aktivismu v\u011bdci nej\u010dast\u011bji vol\u00ed?<\/h4>\n<p>V\u011bdci se \u00fa\u010dastn\u00ed r\u016fzn\u00fdch forem aktivismu, v\u010detn\u011b demonstrac\u00ed, publikov\u00e1n\u00ed v\u011bdeck\u00fdch \u010dl\u00e1nk\u016f zam\u011b\u0159en\u00fdch na ve\u0159ejn\u00e9 porozum\u011bn\u00ed, spolupr\u00e1ce s neziskov\u00fdmi organizacemi a aktivn\u00ed \u00fa\u010dasti na p\u0159edn\u00e1\u0161k\u00e1ch \u010di ve\u0159ejn\u00fdch kampan\u00edch. Tyto akce mohou pomoci p\u0159iv\u00e9st \u0161ir\u0161\u00ed ve\u0159ejnost k d\u016fle\u017eit\u00fdm t\u00e9mat\u016fm.<\/p>\n<h4>Jak\u00fd dopad m\u00e1 zapojen\u00ed v\u011bdc\u016f do aktivismu na jejich profesn\u00ed reputaci?<\/h4>\n<p>Zapojen\u00ed do aktivismu m\u016f\u017ee m\u00edt r\u016fzn\u00fd dopad na reputaci v\u011bdc\u016f. N\u011bkte\u0159\u00ed mohou \u010delit kritice ze strany koleg\u016f, kte\u0159\u00ed v\u011b\u0159\u00ed, \u017ee by m\u011bli z\u016fstat nestrann\u00ed. Na druh\u00e9 stran\u011b mohou tak\u00e9 z\u00edskat v\u011bt\u0161\u00ed uzn\u00e1n\u00ed ve\u0159ejnosti a oslovit \u0161ir\u0161\u00ed publikum, pokud jejich \u010dinnost podpo\u0159\u00ed d\u016fle\u017eit\u00e9 zm\u011bny v politice nebo spole\u010dnosti.<\/p>\n<h4>Jak\u00e9 jsou p\u0159\u00edklady \u00fasp\u011b\u0161n\u00e9ho v\u011bdeck\u00e9ho aktivismu v minulosti?<\/h4>\n<p>P\u0159\u00edklady zahrnuj\u00ed v\u011bdce, kte\u0159\u00ed se pod\u00edleli na kampan\u00edch za ochranu v\u010del, \u010d\u00edm\u017e pomohli prosadit p\u0159\u00edsn\u011bj\u0161\u00ed regulace pesticid\u016f. Dal\u0161\u00edm p\u0159\u00edkladem je \u00fasil\u00ed v\u011bdc\u016f v oblasti klimatick\u00e9 zm\u011bny, kte\u0159\u00ed prost\u0159ednictv\u00edm studi\u00ed a ve\u0159ejn\u00fdch vystoupen\u00ed vytv\u00e1\u0159eli tlak na vl\u00e1dy k p\u0159ij\u00edm\u00e1n\u00ed opat\u0159en\u00ed na ochranu \u017eivotn\u00edho prost\u0159ed\u00ed.<\/p>\n<h4>Jak v\u011bdci mohou efektivn\u011b spojit sv\u00e9 odborn\u00e9 znalosti s aktivismem?<\/h4>\n<p>V\u011bdci mohou spojit sv\u00e9 odborn\u00e9 znalosti s aktivismem t\u00edm, \u017ee vyu\u017eij\u00ed sv\u00e9 v\u00fdzkumn\u00e9 dovednosti k identifikaci a anal\u00fdze probl\u00e9m\u016f, kter\u00fdm \u010del\u00ed spole\u010dnost. Nap\u0159\u00edklad mohou publikovat studie, kter\u00e9 upozor\u0148uj\u00ed na probl\u00e9mov\u00e9 oblasti, a t\u00edm podporuj\u00ed ve\u0159ejnou diskusi a politick\u00e9 zm\u011bny. Krom\u011b toho mohou spolupracovat s nevl\u00e1dn\u00edmi organizacemi a komunitn\u00edmi skupinami, aby zajistili, \u017ee fakta a d\u016fkazy, kter\u00e9 shrom\u00e1\u017edili, skute\u010dn\u011b ovlivn\u00ed politiku a postupy.<\/p>\n<h4>Jak\u00fd je rozd\u00edl mezi v\u011bdeck\u00fdm aktivismem a tradi\u010dn\u00edm aktivismem?<\/h4>\n<p>Rozd\u00edl mezi v\u011bdeck\u00fdm aktivismem a tradi\u010dn\u00edm aktivismem spo\u010d\u00edv\u00e1 v p\u0159\u00edstupu a metodologii. V\u011bdeck\u00fd aktivismus se obvykle zakl\u00e1d\u00e1 na datech, v\u00fdzkumech a anal\u00fdz\u00e1ch, co\u017e znamen\u00e1, \u017ee vyu\u017e\u00edv\u00e1 v\u011bdeck\u00fd proces k podpo\u0159e sv\u00fdch tvrzen\u00ed a ide\u00e1l\u016f. Tradicionaln\u00ed aktivismus m\u016f\u017ee b\u00fdt v\u00edce zam\u011b\u0159en na emotivn\u00ed apel a osobn\u00ed zku\u0161enosti. V\u011bdeck\u00fd aktivismus tedy \u010dasto usiluje o poskytnut\u00ed dolo\u017een\u00fdch informac\u00ed a argument\u016f, kter\u00e9 mohou ovlivnit ve\u0159ejn\u00e9 m\u00edn\u011bn\u00ed a politick\u00e1 rozhodnut\u00ed, zat\u00edmco tradi\u010dn\u00ed aktivismus m\u016f\u017ee b\u00fdt zam\u011b\u0159en sp\u00ed\u0161e na mobilizaci lid\u00ed a emocion\u00e1ln\u00ed vyj\u00e1d\u0159en\u00ed beletristick\u00fdch n\u00e1pad\u016f a hodnot.<\/p>\n","protected":false},"excerpt":{"rendered":"<p>Vznikaj\u00edc\u00ed avokacie v sou\u010dasn\u00e9m \u0161kolstv\u00ed si \u017e\u00e1d\u00e1 neust\u00e1 [&hellip;]<\/p>\n","protected":false},"author":3,"featured_media":0,"comment_status":"closed","ping_status":"open","sticky":false,"template":"","format":"standard","meta":[],"categories":[122],"tags":[],"_links":{"self":[{"href":"https:\/\/lukang-audio.com\/api\/wp\/v2\/posts\/28017"}],"collection":[{"href":"https:\/\/lukang-audio.com\/api\/wp\/v2\/posts"}],"about":[{"href":"https:\/\/lukang-audio.com\/api\/wp\/v2\/types\/post"}],"author":[{"embeddable":true,"href":"https:\/\/lukang-audio.com\/api\/wp\/v2\/users\/3"}],"replies":[{"embeddable":true,"href":"https:\/\/lukang-audio.com\/api\/wp\/v2\/comments?post=28017"}],"version-history":[{"count":1,"href":"https:\/\/lukang-audio.com\/api\/wp\/v2\/posts\/28017\/revisions"}],"predecessor-version":[{"id":28018,"href":"https:\/\/lukang-audio.com\/api\/wp\/v2\/posts\/28017\/revisions\/28018"}],"wp:attachment":[{"href":"https:\/\/lukang-audio.com\/api\/wp\/v2\/media?parent=28017"}],"wp:term":[{"taxonomy":"category","embeddable":true,"href":"https:\/\/lukang-audio.com\/api\/wp\/v2\/categories?post=28017"},{"taxonomy":"post_tag","embeddable":true,"href":"https:\/\/lukang-audio.com\/api\/wp\/v2\/tags?post=28017"}],"curies":[{"name":"wp","href":"https:\/\/api.w.org\/{rel}","templated":true}]}}