{"id":29751,"date":"2025-11-29T03:20:17","date_gmt":"2025-11-28T19:20:17","guid":{"rendered":"https:\/\/lukang-audio.com\/?p=29751"},"modified":"2026-03-04T23:00:46","modified_gmt":"2026-03-04T15:00:46","slug":"a-lifeadvisor-hatasa-a-magyar-egeszsegtudatossag-fejlodesere-es-jovojere","status":"publish","type":"post","link":"https:\/\/lukang-audio.com\/29751\/a-lifeadvisor-hatasa-a-magyar-egeszsegtudatossag-fejlodesere-es-jovojere\/","title":{"rendered":"A LifeAdvisor hat\u00e1sa a magyar eg\u00e9szs\u00e9gtudatoss\u00e1g fejl\u0151d\u00e9s\u00e9re \u00e9s j\u00f6v\u0151j\u00e9re"},"content":{"rendered":"<p>A mindennapi eg\u00e9szs\u00e9g\u00fcnk meg\u0151rz\u00e9se \u00e9rdek\u00e9ben \u00e9rdemes a szeml\u00e9letv\u00e1lt\u00e1s mellett d\u00f6nteni, ami el\u0151seg\u00edti a helyes t\u00e1pl\u00e1lkoz\u00e1si \u00e9s mozg\u00e1si szok\u00e1sok kialak\u00edt\u00e1s\u00e1t. Az eduk\u00e1ci\u00f3 b\u00e1tran b\u0151v\u00edtheti ismereteinket, hogy tiszt\u00e1ban legy\u00fcnk a hazai trendekkel \u00e9s a legfrissebb prevenci\u00f3s lehet\u0151s\u00e9gekkel.<\/p>\n<p>Az inform\u00e1ci\u00f3k k\u00f6nny\u0171 hozz\u00e1f\u00e9rhet\u0151s\u00e9ge, mint p\u00e9ld\u00e1ul a <a href=\"https:\/\/lifeadvisorhu.com\/\">https:\/\/lifeadvisorhu.com\/<\/a>, seg\u00edti az embereket a tudatosabb d\u00f6nt\u00e9sek meghozatal\u00e1ban. A k\u00f6z\u00f6ss\u00e9gi m\u00e9dia \u00e9s az online platformok haszn\u00e1lata szint\u00e9n hozz\u00e1j\u00e1rul a szeml\u00e9letv\u00e1lt\u00e1s el\u0151mozd\u00edt\u00e1s\u00e1hoz.<\/p>\n<p>Az eg\u00e9szs\u00e9gtudatoss\u00e1g terjed\u00e9se \u00e9rdek\u00e9ben fontos, hogy \u00e9vr\u0151l \u00e9vre \u00faj megold\u00e1sokat tal\u00e1ljunk a prevenci\u00f3s kult\u00fara n\u00e9pszer\u0171s\u00edt\u00e9s\u00e9re. Ezzel a szeml\u00e9letm\u00f3ddal a j\u00f6v\u0151 gener\u00e1ci\u00f3i is k\u00f6nnyebben tal\u00e1lj\u00e1k meg a hely\u00fcket az eg\u00e9szs\u00e9ges \u00e9letm\u00f3d ter\u00e9n.<\/p>\n<h2>Az eg\u00e9szs\u00e9g\u00fcgyi inform\u00e1ci\u00f3k el\u00e9rhet\u0151s\u00e9ge \u00e9s megb\u00edzhat\u00f3s\u00e1ga<\/h2>\n<p><strong>Hazai trendek<\/strong> alapj\u00e1n egyre fontosabb\u00e1 v\u00e1lik, hogy a lakoss\u00e1g hozz\u00e1f\u00e9rjen a pontos \u00e9s hiteles inform\u00e1ci\u00f3khoz a magyar eg\u00e9szs\u00e9g\u00fcgy ter\u00fclet\u00e9n. Az eg\u00e9szs\u00e9g\u00fcgyi t\u00e1j\u00e9koztat\u00e1s forr\u00e1sainak megb\u00edzhat\u00f3s\u00e1ga alapvet\u0151 a megfelel\u0151 d\u00f6nt\u00e9sek meghozatal\u00e1hoz \u00e9s az eg\u00e9szs\u00e9gtudatoss\u00e1g n\u00f6vel\u00e9s\u00e9hez.<\/p>\n<p>A <strong>szeml\u00e9letv\u00e1lt\u00e1s<\/strong> kulcsa a k\u00f6z\u00e9rthet\u0151, j\u00f3l struktur\u00e1lt inform\u00e1ci\u00f3k biztos\u00edt\u00e1sa. Az emberek gyakran szembes\u00fclnek f\u00e9lrevezet\u0151 adatokkal, ami rontja a bizalmat az eg\u00e9szs\u00e9g\u00fcgyi rendszerek ir\u00e1nt. Fontos, hogy az inform\u00e1ci\u00f3k el\u00e9r\u00e9s\u00e9hez \u00e9s ellen\u0151rz\u00e9s\u00e9hez k\u00f6nnyen navig\u00e1lhat\u00f3 platformok \u00e1lljanak rendelkez\u00e9sre.<\/p>\n<p>Az eduk\u00e1ci\u00f3s programok szerepe kiemelked\u0151. Az eg\u00e9szs\u00e9g\u00fcgyi szakemberek \u00e9s kutat\u00f3k folyamatosan dolgoznak azon, hogy a legfrissebb hazai trendeket \u00e9s tudom\u00e1nyos eredm\u00e9nyeket el\u00e9rhet\u0151v\u00e9 tegy\u00e9k. Az emberek sz\u00e1m\u00e1ra ez a tud\u00e1s lehet\u0151s\u00e9get teremt arra, hogy felel\u0151ss\u00e9gteljes d\u00f6nt\u00e9seket hozzanak eg\u00e9szs\u00e9g\u00fck v\u00e9delm\u00e9ben.<\/p>\n<p>Ahhoz, hogy a lakoss\u00e1g b\u00e1rmilyen eg\u00e9szs\u00e9g\u00fcgyi inform\u00e1ci\u00f3t megb\u00edzhat\u00f3 forr\u00e1sb\u00f3l kapjon, elengedhetetlen az akt\u00edv egy\u00fcttm\u0171k\u00f6d\u00e9s az int\u00e9zm\u00e9nyek \u00e9s a p\u00e1ciensek k\u00f6z\u00f6tt. A k\u00f6zvetlen \u00e9s ny\u00edlt kommunik\u00e1ci\u00f3 hozz\u00e1j\u00e1rulhat a helyes inform\u00e1ci\u00f3k terjed\u00e9s\u00e9hez \u00e9s a t\u00e1rsadalom eg\u00e9szs\u00e9gi \u00e1llapot\u00e1nak javul\u00e1s\u00e1hoz.<\/p>\n<h2>Digit\u00e1lis eszk\u00f6z\u00f6k szerepe a prevenci\u00f3s szok\u00e1sok kialak\u00edt\u00e1s\u00e1ban<\/h2>\n<p>A digit\u00e1lis megold\u00e1sok egyre fontosabb szerepet j\u00e1tszanak a megel\u0151z\u0151 szeml\u00e9let kialak\u00edt\u00e1s\u00e1ban. Az alkalmaz\u00e1sok \u00e9s online platformok seg\u00edts\u00e9g\u00e9vel az emberek k\u00f6nnyen hozz\u00e1f\u00e9rhetnek az eg\u00e9szs\u00e9ges \u00e9letm\u00f3dhoz sz\u00fcks\u00e9ges tud\u00e1shoz.<\/p>\n<p>Az eduk\u00e1ci\u00f3s tartalmak sz\u00e9les spektrumot \u00f6lelnek fel, a t\u00e1pl\u00e1lkoz\u00e1st\u00f3l kezdve a fizikai aktivit\u00e1son \u00e1t a ment\u00e1lis eg\u00e9szs\u00e9gig. Ezzel a tud\u00e1st\u00e1r \u00e1tad\u00e1sa k\u00f6nnyebb\u00e9 v\u00e1lik, ez\u00e1ltal a prevenci\u00f3s kult\u00fara er\u0151s\u00f6dik itthon.<\/p>\n<p>Az \u00faj hazai trendek is t\u00fckr\u00f6zik ezt a v\u00e1ltoz\u00e1st; a k\u00f6z\u00f6ss\u00e9gi m\u00e9dia platformokon kereszt\u00fcl rengeteg ember oszt meg hasznos inform\u00e1ci\u00f3kat. Ez a k\u00f6z\u00f6ss\u00e9gi tud\u00e1smegoszt\u00e1s el\u0151seg\u00edti a szeml\u00e9letv\u00e1lt\u00e1st, mint ahogy a k\u00f6lcs\u00f6n\u00f6s motiv\u00e1ci\u00f3 is nagy szerepet j\u00e1tszik.<\/p>\n<p>Az okoseszk\u00f6z\u00f6k seg\u00edts\u00e9g\u00e9vel k\u00f6nnyen nyomon k\u00f6vethetj\u00fck eg\u00e9szs\u00e9g\u00fcnket, \u00edgy tudatosabb\u00e1 v\u00e1lhatunk. A szok\u00e1sok alak\u00edt\u00e1sa \u00e9rdek\u00e9ben haszn\u00e1lhat\u00f3 digit\u00e1lis napl\u00f3k \u00e9s alkalmaz\u00e1sok is el\u00e9rhet\u0151k.<\/p>\n<p>A h\u00f6lgyek \u00e9s urak sz\u00e1m\u00e1ra el\u00e9rhet\u0151 programok nemcsak a fizikai aktivit\u00e1st seg\u00edtik, hanem a t\u00e1pl\u00e1lkoz\u00e1si szok\u00e1sok megv\u00e1ltoztat\u00e1s\u00e1ra is \u00f6szt\u00f6n\u00f6znek. Az online edz\u00e9sek \u00e9s t\u00e1pl\u00e1lkoz\u00e1si tan\u00e1csok egy\u00fcttesen n\u00f6velik az \u00e9rdekl\u0151d\u00e9st az \u00f6n\u00e1ll\u00f3 ismeretszerz\u00e9s ir\u00e1nt.<\/p>\n<p>\u00c9rdemes hangs\u00falyozni, hogy a technol\u00f3gia nem helyettes\u00edtheti az eg\u00e9szs\u00e9g\u00fcgyi szakemberek tan\u00e1csait. Azonban megfelel\u0151 haszn\u00e1lattal \u00e9s tudatoss\u00e1ggal hat\u00e9kony eszk\u00f6zz\u00e9 v\u00e1lhat.<\/p>\n<p>A prevenci\u00f3s szok\u00e1sok kialak\u00edt\u00e1sa a digit\u00e1lis forradalom eredm\u00e9nyek\u00e9nt egyre ink\u00e1bb el\u00e9rhet\u0151v\u00e9 v\u00e1lik, \u00edgy \u00faj utakat nyit meg az eg\u00e9szs\u00e9gmeg\u0151rz\u00e9s ter\u00fclet\u00e9n.<\/p>\n<h2>Az adatvez\u00e9relt d\u00f6nt\u00e9shozatal hat\u00e1sa a szem\u00e9lyre szabott eg\u00e9szs\u00e9g\u00fcgyi megold\u00e1sokra<\/h2>\n<p>A szeml\u00e9letv\u00e1lt\u00e1s kulcsfontoss\u00e1g\u00fa a hazai eg\u00e9szs\u00e9g\u00fcgy moderniz\u00e1l\u00e1s\u00e1ban. Az adatvez\u00e9relt megk\u00f6zel\u00edt\u00e9sek seg\u00edts\u00e9g\u00e9vel a p\u00e1ciensek sz\u00fcks\u00e9gletei pontosabban azonos\u00edthat\u00f3k, \u00edgy a kezel\u00e9sek is szem\u00e9lyre szabottabb\u00e1 v\u00e1lnak.<\/p>\n<p>Az eduk\u00e1ci\u00f3 fontos szerepet j\u00e1tszik a folyamatban. Az eg\u00e9szs\u00e9g\u00fcgyi szakemberek folyamatos k\u00e9pz\u00e9se \u00e9s a lakoss\u00e1g t\u00e1j\u00e9koztat\u00e1sa elengedhetetlen a tudatos v\u00e1laszt\u00e1sok t\u00e1mogat\u00e1s\u00e1hoz.<\/p>\n<ul>\n<li>Adatok elemz\u00e9se \u00e9s felhaszn\u00e1l\u00e1sa a diagn\u00f3zis sor\u00e1n;<\/li>\n<li>P\u00e1ciensek akt\u00edv bevon\u00e1sa a kezel\u00e9s megtervez\u00e9s\u00e9be;<\/li>\n<li>A szem\u00e9lyre szabott gy\u00f3gyszerek kifejleszt\u00e9se a helyi trendeknek megfelel\u0151en.<\/li>\n<\/ul>\n<p>A hazai eg\u00e9szs\u00e9g\u00fcgyi int\u00e9zm\u00e9nyek sz\u00e1m\u00e1ra teh\u00e1t elengedhetetlen, hogy nyitottak legyenek az \u00faj technol\u00f3gi\u00e1k ir\u00e1nt, amelyek hozz\u00e1j\u00e1rulhatnak a hat\u00e9konyabb ell\u00e1t\u00e1si strukt\u00far\u00e1k kialak\u00edt\u00e1s\u00e1hoz.<\/p>\n<ol>\n<li>El\u0151ny\u00f6k:<\/li>\n<li>Jobb betegkimenet;<\/li>\n<li>Cs\u00f6kkentett k\u00f3rh\u00e1zi tart\u00f3zkod\u00e1s;<\/li>\n<li>T\u00f6m\u00f6r\u00edtett k\u00f6lts\u00e9gek a kezel\u00e9sek sor\u00e1n.<\/li>\n<\/ol>\n<p>A megval\u00f3s\u00edt\u00e1s sor\u00e1n gyakran tal\u00e1lkozhatunk kih\u00edv\u00e1sokkal. A k\u00fcl\u00f6nb\u00f6z\u0151 adatok integr\u00e1l\u00e1sa \u00e9s feldolgoz\u00e1sa nem mindig z\u00f6kken\u0151mentes, de a megfelel\u0151 eszk\u00f6z\u00f6kkel ezek lek\u00fczdhet\u0151ek.<\/p>\n<p>\u00d6sszegz\u00e9sk\u00e9ppen, az adatvez\u00e9relt d\u00f6nt\u00e9shozatal nem csup\u00e1n technol\u00f3giai \u00faj\u00edt\u00e1s, hanem egy \u00fajfajta szeml\u00e9let is, amely alapvet\u0151en megv\u00e1ltoztatja a magyar eg\u00e9szs\u00e9g\u00fcgy helyzet\u00e9t \u00e9s j\u00f6v\u0151j\u00e9t.<\/p>\n<h2>K\u00f6z\u00f6ss\u00e9gi t\u00e1mogat\u00e1s \u00e9s motiv\u00e1ci\u00f3 a platformon<\/h2>\n<p>A prevenci\u00f3s kult\u00fara meger\u0151s\u00edt\u00e9se \u00e9rdek\u00e9ben fontos a megfelel\u0151 k\u00f6z\u00f6ss\u00e9gi t\u00e1mogat\u00e1s. Az online platform lehet\u0151s\u00e9get biztos\u00edt arra, hogy a felhaszn\u00e1l\u00f3k megossz\u00e1k tapasztalataikat \u00e9s egym\u00e1st motiv\u00e1lj\u00e1k a c\u00e9ljaik el\u00e9r\u00e9s\u00e9re.<\/p>\n<p>Mindennapi \u00e9let\u00fcnkben a szeml\u00e9letv\u00e1lt\u00e1s kulcsszerepet j\u00e1tszik. A hazai trendek seg\u00edtenek abban, hogy a felhaszn\u00e1l\u00f3k tudatosabb\u00e1 v\u00e1ljanak, \u00e9s akt\u00edvan r\u00e9szt vegyenek az eg\u00e9szs\u00e9ges \u00e9letm\u00f3d n\u00e9pszer\u0171s\u00edt\u00e9s\u00e9ben.<\/p>\n<p>A csoportos f\u00f3rumok \u00e9s esem\u00e9nyek lehet\u0151s\u00e9get adnak arra, hogy a felhaszn\u00e1l\u00f3k tapasztalatokat cser\u00e9ljenek, valamint egy\u00fcttm\u0171k\u00f6djenek a c\u00e9ljaik el\u00e9r\u00e9s\u00e9ben. Az ilyen k\u00f6z\u00f6ss\u00e9gi interakci\u00f3k n\u00f6velik a motiv\u00e1ci\u00f3t \u00e9s a k\u00f6z\u00f6s felel\u0151ss\u00e9gv\u00e1llal\u00e1st.<\/p>\n<p>Eduk\u00e1ci\u00f3s anyagok \u00e9s webin\u00e1riumok rendszeres szervez\u00e9s\u00e9vel a felhaszn\u00e1l\u00f3knak hozz\u00e1f\u00e9r\u00e9st biztos\u00edtunk a legfrissebb inform\u00e1ci\u00f3khoz. Az ismeretek b\u0151v\u00edt\u00e9se \u00e9s a tudatoss\u00e1g n\u00f6vel\u00e9se \u00e9rdek\u00e9ben k\u00fcl\u00f6nb\u00f6z\u0151 t\u00e9m\u00e1kban seg\u00edtj\u00fck \u0151ket.<\/p>\n<p>Az akt\u00edv k\u00f6z\u00f6ss\u00e9g kialak\u00edt\u00e1sa \u00e9rdek\u00e9ben a felhaszn\u00e1l\u00f3k sz\u00e1m\u00e1ra lehet\u0151s\u00e9g ny\u00edlik mentorprogramokban val\u00f3 r\u00e9szv\u00e9telre. Az \u00f6nk\u00e9ntesek \u00e9s tapasztalt felhaszn\u00e1l\u00f3k t\u00e1mogat\u00e1st ny\u00fajtanak az \u00fajonnan csatlakoz\u00f3knak.<\/p>\n<p>A platform lehet\u0151s\u00e9get ad arra, hogy a felhaszn\u00e1l\u00f3k nyomon k\u00f6vethess\u00e9k saj\u00e1t fejl\u0151d\u00e9s\u00fcket. A c\u00e9lkit\u0171z\u00e9sek el\u00e9r\u00e9se \u00e9rdek\u00e9ben kiemelten fontos a pozit\u00edv visszajelz\u00e9s \u00e9s a k\u00f6z\u00f6ss\u00e9gi elismer\u00e9s.<\/p>\n<p>Az eszk\u00f6z\u00f6k, mint p\u00e9ld\u00e1ul az eg\u00e9szs\u00e9ges szok\u00e1sok nyomon k\u00f6vet\u00e9se, valamint a k\u00f6z\u00f6ss\u00e9gi kih\u00edv\u00e1sok, szint\u00e9n hozz\u00e1j\u00e1rulnak a motiv\u00e1ci\u00f3 fenntart\u00e1s\u00e1hoz. Az eredm\u00e9nyek megoszt\u00e1sa tov\u00e1bbi \u00f6szt\u00f6nz\u00e9st adhat a k\u00f6z\u00f6ss\u00e9g sz\u00e1m\u00e1ra.<\/p>\n<p>A k\u00f6z\u00f6ss\u00e9gi t\u00e1mogat\u00e1s r\u00e9v\u00e9n a platform hozz\u00e1j\u00e1rul az eg\u00e9szs\u00e9ges \u00e9letm\u00f3d n\u00e9pszer\u0171s\u00edt\u00e9s\u00e9hez, \u00e9s lehet\u0151s\u00e9get biztos\u00edt arra, hogy a felhaszn\u00e1l\u00f3k akt\u00edvan r\u00e9szt vegyenek a prevenci\u00f3s kult\u00fara kialak\u00edt\u00e1s\u00e1ban.<\/p>\n<h2>R\u00f6vid le\u00edr\u00e1s <\/h2>\n<h4>Milyen szerepet j\u00e1tszik a LifeAdvisor a magyar eg\u00e9szs\u00e9g\u00fcgyi tudatoss\u00e1g n\u00f6vel\u00e9s\u00e9ben?<\/h4>\n<p>A LifeAdvisor egy innovat\u00edv platform, amely k\u00fcl\u00f6nb\u00f6z\u0151 eszk\u00f6z\u00f6kkel \u00e9s forr\u00e1sokkal seg\u00edti az embereket az eg\u00e9szs\u00e9ges \u00e9letm\u00f3d kialak\u00edt\u00e1s\u00e1ban. F\u0151 c\u00e9lja, hogy megk\u00f6nny\u00edtse a felhaszn\u00e1l\u00f3k sz\u00e1m\u00e1ra az eg\u00e9szs\u00e9g\u00fcgyi inform\u00e1ci\u00f3k el\u00e9r\u00e9s\u00e9t, \u00e9s olyan aj\u00e1nl\u00e1sokat adjon, amelyek t\u00e1mogatj\u00e1k az eg\u00e9szs\u00e9ges d\u00f6nt\u00e9seik meghozatal\u00e1t.<\/p>\n<h4>Hogyan seg\u00edti a LifeAdvisor a felhaszn\u00e1l\u00f3kat szem\u00e9lyre szabott eg\u00e9szs\u00e9g\u00fcgyi inform\u00e1ci\u00f3kkal?<\/h4>\n<p>A platform egyed\u00fcl\u00e1ll\u00f3 funkci\u00f3i k\u00f6z\u00e9 tartozik a szem\u00e9lyre szabott eg\u00e9szs\u00e9g\u00fcgyi terv k\u00e9sz\u00edt\u00e9se, amely figyelembe veszi a felhaszn\u00e1l\u00f3k egy\u00e9ni ig\u00e9nyeit \u00e9s c\u00e9ljait. Ez lehet\u0151v\u00e9 teszi sz\u00e1mukra, hogy a sz\u00e1mukra legmegfelel\u0151bb tan\u00e1csokat \u00e9s inform\u00e1ci\u00f3kat kapj\u00e1k, amelyek seg\u00edtik \u0151ket az eg\u00e9szs\u00e9gesebb \u00e9letvitel kialak\u00edt\u00e1s\u00e1ban.<\/p>\n<h4>Mi\u00e9rt fontos a k\u00f6z\u00f6ss\u00e9gi t\u00e1mogat\u00e1s a LifeAdvisor platformj\u00e1n?<\/h4>\n<p>A k\u00f6z\u00f6ss\u00e9gi t\u00e1mogat\u00e1s rendk\u00edv\u00fcl fontos szerepet j\u00e1tszik az eg\u00e9szs\u00e9g\u00fcgyi tudatoss\u00e1g n\u00f6vel\u00e9s\u00e9ben. A felhaszn\u00e1l\u00f3k itt tapasztalatokat oszthatnak meg egym\u00e1ssal, \u00e9s motiv\u00e1ci\u00f3t kaphatnak a c\u00e9ljaik el\u00e9r\u00e9s\u00e9hez. Ezen fel\u00fcl a k\u00f6z\u00f6ss\u00e9gi funkci\u00f3k seg\u00edtik a felhaszn\u00e1l\u00f3kat abban, hogy egy t\u00e1mogat\u00f3 k\u00f6z\u00f6ss\u00e9g r\u00e9szei legyenek, amely biztons\u00e1gos helyet biztos\u00edt sz\u00e1mukra.<\/p>\n<h4>Milyen eszk\u00f6z\u00f6ket k\u00edn\u00e1l a LifeAdvisor az eg\u00e9szs\u00e9ges \u00e9letm\u00f3d el\u0151seg\u00edt\u00e9s\u00e9re?<\/h4>\n<p>A LifeAdvisor k\u00fcl\u00f6nf\u00e9le eszk\u00f6z\u00f6ket \u00e9s funkci\u00f3kat k\u00edn\u00e1l, mint p\u00e9ld\u00e1ul az \u00e9trendnyilv\u00e1ntart\u00f3, testmozg\u00e1s monitoroz\u00f3, \u00e9s id\u0151szakos eg\u00e9szs\u00e9g\u00fcgyi inform\u00e1ci\u00f3k. Ezen eszk\u00f6z\u00f6k haszn\u00e1lat\u00e1val a felhaszn\u00e1l\u00f3k nyomon k\u00f6vethetik fejl\u0151d\u00e9s\u00fcket, \u00e9s jobban \u00e9rthet\u0151v\u00e9 v\u00e1lik sz\u00e1mukra, hogy mely ter\u00fcleteken sz\u00fcks\u00e9ges a v\u00e1ltoztat\u00e1s.<\/p>\n<h4>Hogyan m\u00e9r\u00e9k a LifeAdvisor hat\u00e1s\u00e1t a felhaszn\u00e1l\u00f3k eg\u00e9szs\u00e9g\u00fcgyi tudatoss\u00e1g\u00e1ra?<\/h4>\n<p>A LifeAdvisor hat\u00e1s\u00e1nak m\u00e9r\u00e9se k\u00fcl\u00f6nb\u00f6z\u0151 m\u00f3dszerekkel t\u00f6rt\u00e9nik, bele\u00e9rtve a felhaszn\u00e1l\u00f3i visszajelz\u00e9sek, a platformon v\u00e9gzett tev\u00e9kenys\u00e9gek \u00e9s a felhaszn\u00e1l\u00f3k \u00e1ltal el\u00e9rt eredm\u00e9nyek elemz\u00e9s\u00e9t. A rendszer folyamatosan figyelemmel k\u00eds\u00e9ri a felhaszn\u00e1l\u00f3i interakci\u00f3kat, hogy l\u00e1thassa a program hat\u00e9konys\u00e1g\u00e1t \u00e9s az eg\u00e9szs\u00e9g\u00fcgyi tudatoss\u00e1g fejl\u0151d\u00e9s\u00e9t.<\/p>\n<h4>Milyen lehet\u0151s\u00e9geket k\u00edn\u00e1l a LifeAdvisor a magyar felhaszn\u00e1l\u00f3k sz\u00e1m\u00e1ra az eg\u00e9szs\u00e9gtudatoss\u00e1g n\u00f6vel\u00e9s\u00e9re?<\/h4>\n<p>A LifeAdvisor k\u00fcl\u00f6nb\u00f6z\u0151 funkci\u00f3kat aj\u00e1nl, amelyek seg\u00edtik a magyar felhaszn\u00e1l\u00f3kat eg\u00e9szs\u00e9gi \u00e1llapotuk nyomon k\u00f6vet\u00e9s\u00e9ben. Ezek k\u00f6z\u00e9 tartozik a t\u00e1pl\u00e1lkoz\u00e1si tan\u00e1csad\u00e1s, a mozg\u00e1sprogramok javaslata \u00e9s a stresszkezel\u00e9si technik\u00e1k. Emellett a felhaszn\u00e1l\u00f3k hozz\u00e1f\u00e9rhetnek k\u00fcl\u00f6nb\u00f6z\u0151 eg\u00e9szs\u00e9g\u00fcgyi cikkekhez \u00e9s szakemberek \u00e1ltal \u00edrt \u00fatmutat\u00f3khoz, amelyek seg\u00edtik a tudatos \u00e9letm\u00f3d kialak\u00edt\u00e1s\u00e1t.<\/p>\n<h4>Hogyan t\u00fckr\u00f6z\u0151dik a LifeAdvisor \u00e1ltal ny\u00fajtott inform\u00e1ci\u00f3k megb\u00edzhat\u00f3s\u00e1ga a felhaszn\u00e1l\u00f3i \u00e9lm\u00e9nyben?<\/h4>\n<p>A LifeAdvisor rendszere folyamatosan friss\u00edti az inform\u00e1ci\u00f3kat, hogy azok a leg\u00fajabb tudom\u00e1nyos eredm\u00e9nyekre alapozva seg\u00edtsenek a felhaszn\u00e1l\u00f3knak. A platform lehet\u0151v\u00e9 teszi a szak\u00e9rt\u0151k \u00e1ltal ellen\u0151rz\u00f6tt tartalmak k\u00f6nny\u0171 el\u00e9r\u00e9s\u00e9t, ami n\u00f6veli a felhaszn\u00e1l\u00f3i bizalmat. Az interakt\u00edv eszk\u00f6z\u00f6k, mint a visszajelz\u00e9si lehet\u0151s\u00e9gek \u00e9s az eg\u00e9szs\u00e9gi \u00e1llapot nyomon k\u00f6vet\u00e9se, szint\u00e9n hozz\u00e1j\u00e1rulnak ahhoz, hogy a felhaszn\u00e1l\u00f3k akt\u00edvan r\u00e9szt vegyenek eg\u00e9szs\u00e9g\u00fck kezel\u00e9s\u00e9ben.<\/p>\n","protected":false},"excerpt":{"rendered":"<p>A mindennapi eg\u00e9szs\u00e9g\u00fcnk meg\u0151rz\u00e9se \u00e9rdek\u00e9ben \u00e9rdemes a  [&hellip;]<\/p>\n","protected":false},"author":3,"featured_media":0,"comment_status":"closed","ping_status":"open","sticky":false,"template":"","format":"standard","meta":[],"categories":[314],"tags":[],"_links":{"self":[{"href":"https:\/\/lukang-audio.com\/api\/wp\/v2\/posts\/29751"}],"collection":[{"href":"https:\/\/lukang-audio.com\/api\/wp\/v2\/posts"}],"about":[{"href":"https:\/\/lukang-audio.com\/api\/wp\/v2\/types\/post"}],"author":[{"embeddable":true,"href":"https:\/\/lukang-audio.com\/api\/wp\/v2\/users\/3"}],"replies":[{"embeddable":true,"href":"https:\/\/lukang-audio.com\/api\/wp\/v2\/comments?post=29751"}],"version-history":[{"count":1,"href":"https:\/\/lukang-audio.com\/api\/wp\/v2\/posts\/29751\/revisions"}],"predecessor-version":[{"id":29752,"href":"https:\/\/lukang-audio.com\/api\/wp\/v2\/posts\/29751\/revisions\/29752"}],"wp:attachment":[{"href":"https:\/\/lukang-audio.com\/api\/wp\/v2\/media?parent=29751"}],"wp:term":[{"taxonomy":"category","embeddable":true,"href":"https:\/\/lukang-audio.com\/api\/wp\/v2\/categories?post=29751"},{"taxonomy":"post_tag","embeddable":true,"href":"https:\/\/lukang-audio.com\/api\/wp\/v2\/tags?post=29751"}],"curies":[{"name":"wp","href":"https:\/\/api.w.org\/{rel}","templated":true}]}}