{"id":29947,"date":"2025-09-17T21:48:42","date_gmt":"2025-09-17T13:48:42","guid":{"rendered":"https:\/\/lukang-audio.com\/?p=29947"},"modified":"2026-03-05T00:53:55","modified_gmt":"2026-03-04T16:53:55","slug":"a-nemzeti-kastelyprogram-legujabb-atadasi-esemenyei","status":"publish","type":"post","link":"https:\/\/lukang-audio.com\/29947\/a-nemzeti-kastelyprogram-legujabb-atadasi-esemenyei\/","title":{"rendered":"A Nemzeti Kast\u00e9lyprogram leg\u00fajabb \u00e1tad\u00e1si esem\u00e9nyei"},"content":{"rendered":"<h2>A Nemzeti Kast\u00e9lyprogram bemutat\u00e1sa<\/h2>\n<p>A Nemzeti Kast\u00e9lyprogram c\u00e9lja, hogy a magyarorsz\u00e1gi kast\u00e9lyokat \u00e9s k\u00fari\u00e1kat m\u00e9lt\u00f3 m\u00f3don fel\u00faj\u00edtsa \u00e9s meg\u0151rizze a j\u00f6v\u0151 gener\u00e1ci\u00f3i sz\u00e1m\u00e1ra. A projekt keret\u00e9ben a k\u00f6z\u00f6ns\u00e9gszolg\u00e1ltat\u00e1sok \u00e9s l\u00e1togathat\u00f3s\u00e1g jav\u00edt\u00e1sa \u00e9rdek\u00e9ben sz\u00e1mos fejleszt\u00e9st terveznek. Az esem\u00e9nyek \u00e9s \u00fcnnep\u00e9lyes megnyit\u00f3k rendszeres r\u00e9sz\u00e9t k\u00e9pezik a programnak, amelyek c\u00e9lja, hogy a l\u00e1togat\u00f3k sz\u00e1m\u00e1ra gazdag k\u00f6z\u00f6ss\u00e9gi \u00e9lm\u00e9nyeket ny\u00fajtsanak.<\/p>\n<p>A kast\u00e9lyok t\u00f6rt\u00e9nelmi jelent\u0151s\u00e9ge mellett a program lehet\u0151s\u00e9get biztos\u00edt a helyi k\u00f6z\u00f6ss\u00e9gek sz\u00e1m\u00e1ra is, hogy akt\u00edvan r\u00e9szt vegyenek a kultur\u00e1lis esem\u00e9nyekben. Az esem\u00e9nynapt\u00e1r folyamatosan friss\u00fcl, hogy a l\u00e1togat\u00f3k mindig naprak\u00e9szen k\u00f6vethess\u00e9k a leg\u00fajabb h\u00edreket \u00e9s sajt\u00f3k\u00f6zlem\u00e9nyeket. Ezen k\u00edv\u00fcl a projekt \u00e1tad\u00e1sok sor\u00e1n sz\u00e1mos \u00faj l\u00e1togat\u00f3bar\u00e1t szolg\u00e1ltat\u00e1s is megval\u00f3sul, amelyek m\u00e9g \u00e9lvezetesebb\u00e9 teszik a kast\u00e9lyok felfedez\u00e9s\u00e9t.<\/p>\n<p>A Nemzeti Kast\u00e9lyprogram nemcsak a turizmus fellend\u00edt\u00e9s\u00e9re \u00f6sszpontos\u00edt, hanem a kultur\u00e1lis \u00f6r\u00f6ks\u00e9g meg\u0151rz\u00e9s\u00e9re is. A program r\u00e9szek\u00e9nt a kast\u00e9lyok nem csup\u00e1n \u00e9p\u00fcletek, hanem a magyar t\u00f6rt\u00e9nelem \u00e9s kult\u00fara \u00e9l\u0151 sz\u00ednterei is, ahol a l\u00e1togat\u00f3k k\u00fcl\u00f6nf\u00e9le esem\u00e9nyek \u00e9s k\u00f6z\u00f6ns\u00e9gszolg\u00e1ltat\u00e1sok keretein bel\u00fcl <a href=\"https:\/\/nkvphu.com\/\">https:\/\/nkvphu.com\/<\/a> tapasztalhatj\u00e1k meg a m\u00falt gazdags\u00e1g\u00e1t. \u00cdgy nemcsak a gy\u00f6ny\u00f6r\u0171 \u00e9p\u00edt\u00e9szeti megold\u00e1sokat csod\u00e1lhatj\u00e1k meg, hanem betekint\u00e9st nyerhetnek a t\u00f6rt\u00e9nelembe is, amely gazdag\u00edtja tud\u00e1sukat \u00e9s \u00e9lm\u00e9nyeiket.<\/p>\n<h2>Leg\u00fajabb projekt \u00e1tad\u00e1sok \u00e9s \u00fcnnep\u00e9lyes megnyit\u00f3k<\/h2>\n<p>Az ut\u00f3bbi id\u0151szakban sz\u00e1mos jelent\u0151s projekt \u00e1tad\u00e1sa \u00e9s \u00fcnnep\u00e9lyes megnyit\u00f3ja zajlott, amelyek nemcsak a helyi k\u00f6z\u00f6ss\u00e9gek sz\u00e1m\u00e1ra ny\u00fajtanak \u00faj lehet\u0151s\u00e9geket, hanem hozz\u00e1j\u00e1rulnak a v\u00e1rosok l\u00e1togathat\u00f3s\u00e1g\u00e1nak n\u00f6vel\u00e9s\u00e9hez is. Ezek az esem\u00e9nyek gyakran nagy \u00e9rdekl\u0151d\u00e9st gener\u00e1lnak, hiszen a k\u00f6z\u00f6ns\u00e9gszolg\u00e1ltat\u00e1sok fejleszt\u00e9se sor\u00e1n \u00faj, izgalmas helysz\u00ednek ny\u00edlnak meg a nagyk\u00f6z\u00f6ns\u00e9g el\u0151tt.<\/p>\n<p>P\u00e9ld\u00e1ul a legut\u00f3bbi \u00fcnnep\u00e9lyes megnyit\u00f3n egy modern k\u00f6z\u00f6ss\u00e9gi k\u00f6zpontot adtak \u00e1t, amely sz\u00e1mos esem\u00e9nynek ad otthont. Az ilyen fejleszt\u00e9sek c\u00e9lja, hogy er\u0151s\u00edtse a k\u00f6z\u00f6ss\u00e9gi \u00e9lm\u00e9nyeket \u00e9s lehet\u0151s\u00e9get biztos\u00edtson a helyi kultur\u00e1lis esem\u00e9nyek sz\u00e1m\u00e1ra. Az esem\u00e9nynapt\u00e1r folyamatosan friss\u00fcl, \u00edgy a l\u00e1togat\u00f3k mindig naprak\u00e9szen inform\u00e1l\u00f3dhatnak a leg\u00fajabb programokr\u00f3l.<\/p>\n<p>A sajt\u00f3k\u00f6zlem\u00e9nyek gyakran r\u00e9szletes inform\u00e1ci\u00f3kat tartalmaznak az \u00faj projektek el\u0151nyeir\u0151l, \u00e9s bemutatj\u00e1k, hogyan j\u00e1rulnak hozz\u00e1 a helyi gazdas\u00e1g fejl\u0151d\u00e9s\u00e9hez. \u00c9rdemes figyelemmel k\u00eds\u00e9rni ezeket a h\u00edreket, hiszen a projekt \u00e1tad\u00e1sok nem csup\u00e1n \u00e9p\u00edtkez\u00e9sek, hanem a k\u00f6z\u00f6ss\u00e9g \u00f6sszetartoz\u00e1s\u00e1nak szimb\u00f3lumai is.<\/p>\n<p>A k\u00f6zelj\u00f6v\u0151ben tov\u00e1bbi \u00fcnnep\u00e9lyes megnyit\u00f3k v\u00e1rhat\u00f3ak, amelyek \u00fajabb lehet\u0151s\u00e9geket k\u00edn\u00e1lnak a helyi lakosok \u00e9s l\u00e1togat\u00f3k sz\u00e1m\u00e1ra. \u00c9rdemes r\u00e9szt venni ezeken az esem\u00e9nyeken, hiszen nemcsak a v\u00e1ros arculat\u00e1t form\u00e1lj\u00e1k, hanem k\u00f6zvetlen \u00e9lm\u00e9nyt is ny\u00fajtanak a r\u00e9sztvev\u0151knek.<\/p>\n<h2>Fejleszt\u00e9sek \u00e9s k\u00f6z\u00f6ns\u00e9gszolg\u00e1ltat\u00e1sok a kast\u00e9lyokban<\/h2>\n<p>A kast\u00e9lyok folyamatos fejleszt\u00e9sei nemcsak a m\u0171eml\u00e9ki \u00e9rt\u00e9kek meg\u0151rz\u00e9s\u00e9t szolg\u00e1lj\u00e1k, hanem a l\u00e1togat\u00f3k \u00e9lm\u00e9nyeit is gazdag\u00edtj\u00e1k. Az \u00faj projekt \u00e1tad\u00e1sok sor\u00e1n sz\u00e1mos modern l\u00e9tes\u00edtm\u00e9ny \u00e9s k\u00f6z\u00f6ns\u00e9gszolg\u00e1ltat\u00e1s val\u00f3sul meg, amelyek c\u00e9lja a l\u00e1togathat\u00f3s\u00e1g n\u00f6vel\u00e9se. P\u00e9ld\u00e1ul a legut\u00f3bbi \u00fcnnep\u00e9lyes megnyit\u00f3k alkalm\u00e1val olyan interakt\u00edv ki\u00e1ll\u00edt\u00e1sok ker\u00fcltek bemutat\u00e1sra, amelyek a kast\u00e9lyok t\u00f6rt\u00e9nelm\u00e9t \u00e9s kult\u00far\u00e1j\u00e1t eleven\u00edtik meg.<\/p>\n<p>Tov\u00e1bb\u00e1, az esem\u00e9nynapt\u00e1r gazdag k\u00edn\u00e1lata lehet\u0151v\u00e9 teszi, hogy a l\u00e1togat\u00f3k mindig naprak\u00e9szen k\u00f6vethess\u00e9k a k\u00fcl\u00f6nb\u00f6z\u0151 programokat \u00e9s esem\u00e9nyeket. A k\u00f6z\u00f6ss\u00e9gi \u00e9lm\u00e9nyek er\u0151s\u00edt\u00e9se \u00e9rdek\u00e9ben a kast\u00e9lyokban rendszeresen szerveznek workshopokat \u00e9s kultur\u00e1lis rendezv\u00e9nyeket, amelyek nemcsak sz\u00f3rakoztat\u00f3ak, hanem tanuls\u00e1gosak is.<\/p>\n<p>A sajt\u00f3k\u00f6zlem\u00e9nyek r\u00e9v\u00e9n a l\u00e1togat\u00f3k k\u00f6nnyen \u00e9rtes\u00fclhetnek a legfrissebb h\u00edrekr\u0151l \u00e9s fejleszt\u00e9sekr\u0151l, \u00edgy mindig tudj\u00e1k, mire sz\u00e1m\u00edthatnak a k\u00f6vetkez\u0151 l\u00e1togat\u00e1skor. A kast\u00e9lyok teh\u00e1t nemcsak a t\u00f6rt\u00e9nelem lenyomatai, hanem \u00e9l\u0151 k\u00f6z\u00f6ss\u00e9gi terek is, ahol a m\u00falt \u00e9s a jelen tal\u00e1lkozik.<\/p>\n<h2>Esem\u00e9nyek \u00e9s k\u00f6z\u00f6ss\u00e9gi \u00e9lm\u00e9nyek a Nemzeti Kast\u00e9lyprogram keret\u00e9ben<\/h2>\n<p>A Nemzeti Kast\u00e9lyprogram keret\u00e9ben megval\u00f3sul\u00f3 <strong>projekt \u00e1tad\u00e1sok<\/strong> \u00e9s <strong>\u00fcnnep\u00e9lyes megnyit\u00f3k<\/strong> nem csup\u00e1n a m\u0171eml\u00e9kek helyre\u00e1ll\u00edt\u00e1s\u00e1r\u00f3l sz\u00f3lnak, hanem a k\u00f6z\u00f6ns\u00e9g \u00e9lm\u00e9nyeinek gazdag\u00edt\u00e1s\u00e1r\u00f3l is. Ezek az esem\u00e9nyek lehet\u0151s\u00e9get ny\u00fajtanak arra, hogy a l\u00e1togat\u00f3k k\u00f6zvetlen\u00fcl tapasztalj\u00e1k meg a fejleszt\u00e9sek eredm\u00e9nyeit, \u00e9s \u00e9l\u0151ben tal\u00e1lkozzanak a kultur\u00e1lis \u00f6r\u00f6ks\u00e9ggel.<\/p>\n<p>A program keret\u00e9ben sz\u00e1mos <strong>esem\u00e9ny<\/strong> \u00e9s <strong>k\u00f6z\u00f6ss\u00e9gi \u00e9lm\u00e9ny<\/strong> val\u00f3sul meg, amelyeket az esem\u00e9nynapt\u00e1r folyamatosan friss\u00edt. A l\u00e1togathat\u00f3s\u00e1g n\u00f6vel\u00e9se \u00e9rdek\u00e9ben a k\u00fcl\u00f6nb\u00f6z\u0151 helysz\u00edneken v\u00e1ltozatos <strong>k\u00f6z\u00f6ns\u00e9gszolg\u00e1ltat\u00e1sok<\/strong> \u00e1llnak rendelkez\u00e9sre, \u00edgy mindenki megtal\u00e1lhatja a sz\u00e1m\u00e1ra leg\u00e9rdekesebb programokat.<\/p>\n<p>Emellett a sajt\u00f3k\u00f6zlem\u00e9nyek rendszeres t\u00e1j\u00e9koztat\u00e1st ny\u00fajtanak a legfrissebb h\u00edrekr\u0151l \u00e9s esem\u00e9nyekr\u0151l, \u00edgy a k\u00f6z\u00f6ns\u00e9g mindig naprak\u00e9sz lehet. A helyi k\u00f6z\u00f6ss\u00e9gek akt\u00edv r\u00e9szv\u00e9tel\u00e9vel a program nemcsak a kult\u00fara n\u00e9pszer\u0171s\u00edt\u00e9s\u00e9re, hanem a t\u00e1rsadalmi koh\u00e9zi\u00f3 er\u0151s\u00edt\u00e9s\u00e9re is t\u00f6rekszik.<\/p>\n<h2>H\u00edrek \u00e9s sajt\u00f3k\u00f6zlem\u00e9nyek az esem\u00e9nynapt\u00e1rban<\/h2>\n<p>A h\u00edrek \u00e9s sajt\u00f3k\u00f6zlem\u00e9nyek kulcsszerepet j\u00e1tszanak az esem\u00e9nynapt\u00e1rban, hiszen ezek t\u00e1j\u00e9koztatj\u00e1k a k\u00f6z\u00f6ns\u00e9get a legfrissebb projekt \u00e1tad\u00e1sok \u00e9s \u00fcnnep\u00e9lyes megnyit\u00f3k id\u0151pontjair\u00f3l. Fontos, hogy a l\u00e1togathat\u00f3s\u00e1g jav\u00edt\u00e1sa \u00e9rdek\u00e9ben folyamatosan friss\u00edts\u00fck ezeket az inform\u00e1ci\u00f3kat.<\/p>\n<p>Az esem\u00e9nyek szervez\u00e9s\u00e9n\u00e9l figyelembe kell venni a k\u00f6z\u00f6ss\u00e9gi \u00e9lm\u00e9nyek megteremt\u00e9s\u00e9t is, hogy a l\u00e1togat\u00f3k val\u00f3ban \u00e9rt\u00e9kes id\u0151t t\u00f6ltsenek el. A k\u00fcl\u00f6nb\u00f6z\u0151 fejleszt\u00e9sek \u00e9s k\u00f6z\u00f6ns\u00e9gszolg\u00e1ltat\u00e1sok mellett a sajt\u00f3k\u00f6zlem\u00e9nyek seg\u00edtenek abban, hogy a k\u00f6z\u00f6ns\u00e9g figyelm\u00e9t felkeltj\u00fck.<\/p>\n<p>Az esem\u00e9nynapt\u00e1rban tal\u00e1lhat\u00f3 h\u00edrek nemcsak a programok id\u0151pontjait tartalmazz\u00e1k, hanem r\u00e9szletes inform\u00e1ci\u00f3kat is adnak a v\u00e1rhat\u00f3 esem\u00e9nyekr\u0151l. \u00cdgy minden \u00e9rdekl\u0151d\u0151 naprak\u00e9sz inform\u00e1ci\u00f3k birtok\u00e1ban lehet, ami el\u0151seg\u00edti a sikeres r\u00e9szv\u00e9telt.<\/p>\n","protected":false},"excerpt":{"rendered":"<p>A Nemzeti Kast\u00e9lyprogram bemutat\u00e1sa A Nemzeti Kast\u00e9lypr [&hellip;]<\/p>\n","protected":false},"author":3,"featured_media":0,"comment_status":"closed","ping_status":"open","sticky":false,"template":"","format":"standard","meta":[],"categories":[184],"tags":[],"_links":{"self":[{"href":"https:\/\/lukang-audio.com\/api\/wp\/v2\/posts\/29947"}],"collection":[{"href":"https:\/\/lukang-audio.com\/api\/wp\/v2\/posts"}],"about":[{"href":"https:\/\/lukang-audio.com\/api\/wp\/v2\/types\/post"}],"author":[{"embeddable":true,"href":"https:\/\/lukang-audio.com\/api\/wp\/v2\/users\/3"}],"replies":[{"embeddable":true,"href":"https:\/\/lukang-audio.com\/api\/wp\/v2\/comments?post=29947"}],"version-history":[{"count":1,"href":"https:\/\/lukang-audio.com\/api\/wp\/v2\/posts\/29947\/revisions"}],"predecessor-version":[{"id":29948,"href":"https:\/\/lukang-audio.com\/api\/wp\/v2\/posts\/29947\/revisions\/29948"}],"wp:attachment":[{"href":"https:\/\/lukang-audio.com\/api\/wp\/v2\/media?parent=29947"}],"wp:term":[{"taxonomy":"category","embeddable":true,"href":"https:\/\/lukang-audio.com\/api\/wp\/v2\/categories?post=29947"},{"taxonomy":"post_tag","embeddable":true,"href":"https:\/\/lukang-audio.com\/api\/wp\/v2\/tags?post=29947"}],"curies":[{"name":"wp","href":"https:\/\/api.w.org\/{rel}","templated":true}]}}