{"id":31218,"date":"2025-11-22T00:07:42","date_gmt":"2025-11-21T16:07:42","guid":{"rendered":"https:\/\/lukang-audio.com\/?p=31218"},"modified":"2026-03-07T00:00:40","modified_gmt":"2026-03-06T16:00:40","slug":"menunk-napi-izei-es-valtozatai-amiket-erdemes-kiprobalni","status":"publish","type":"post","link":"https:\/\/lukang-audio.com\/31218\/menunk-napi-izei-es-valtozatai-amiket-erdemes-kiprobalni\/","title":{"rendered":"Men\u00fcnk napi \u00edzei \u00e9s v\u00e1ltozatai, amiket \u00e9rdemes kipr\u00f3b\u00e1lni"},"content":{"rendered":"<h2>Bevezet\u00e9s a napi \u00edzek vil\u00e1g\u00e1ba<\/h2>\n<p>Az \u00e9tkez\u00e9s \u00e9lm\u00e9nye sokkal t\u00f6bb, mint csup\u00e1n a t\u00e1pl\u00e1lkoz\u00e1s. A napi aj\u00e1nlatok felfedez\u00e9se izgalmas utaz\u00e1s a k\u00fcl\u00f6nb\u00f6z\u0151 \u00edzek \u00e9s \u00e9tkez\u00e9si lehet\u0151s\u00e9gek vil\u00e1g\u00e1ban, ahol minden falat egy \u00faj \u00e9lm\u00e9nyt k\u00edn\u00e1l. A hagyom\u00e1nyos magyar \u00edzek, mint a guly\u00e1s vagy a t\u00f6lt\u00f6tt k\u00e1poszta, nemcsak a gyomorunkat, hanem a lelk\u00fcnket is t\u00e1pl\u00e1lj\u00e1k. Ezek az \u00e9telek mindig megtal\u00e1lj\u00e1k a hely\u00fcket a t\u00e1lakon, k\u00fcl\u00f6nleges aj\u00e1nlatok form\u00e1j\u00e1ban, amelyeket a szak\u00e1csok kreativit\u00e1sa \u00e9s a szezon\u00e1lis \u00e9telek frissess\u00e9ge inspir\u00e1l.<\/p>\n<p>Az \u00e9tkez\u0151 k\u00f6rnyezet is nagyban hozz\u00e1j\u00e1rul a gasztron\u00f3miai \u00e9lm\u00e9nyhez. Egy hangulatos \u00e9tterem, ahol a bar\u00e1ti besz\u00e9lget\u00e9sek mellett az \u00edzek harm\u00f3ni\u00e1ja is \u00e9rv\u00e9nyes\u00fcl, felejthetetlen pillanatokat k\u00edn\u00e1l. Az \u00edzek \u00e9s text\u00far\u00e1k soksz\u00edn\u0171s\u00e9ge, a min\u0151s\u00e9gi alapanyagok felhaszn\u00e1l\u00e1sa mind-mind hozz\u00e1j\u00e1rul ahhoz, hogy az \u00e9tkez\u00e9s ne csup\u00e1n sz\u00fcks\u00e9glet, hanem igazi \u00e9lvezet legyen.<\/p>\n<p>Ahogy a napok telnek, a napi aj\u00e1nlatok folyamatosan v\u00e1ltoznak, t\u00fckr\u00f6zve a term\u00e9szet adta lehet\u0151s\u00e9geket. A friss z\u00f6lds\u00e9gek \u00e9s gy\u00fcm\u00f6lcs\u00f6k, a helyi termel\u0151k \u00e1ltal biztos\u00edtott alapanyagok minden \u00e9tkez\u00e9shez egyedi karaktert adnak. Mer\u00fclj\u00fcnk el egy\u00fctt a napi \u00edzek vil\u00e1g\u00e1ban, \u00e9s fedezz\u00fck fel, hogyan var\u00e1zsolhatunk minden \u00e9tkez\u00e9st <a href=\"https:\/\/sevendiner.com\/\">https:\/\/sevendiner.com\/<\/a> k\u00fcl\u00f6nlegess\u00e9 a hagyom\u00e1nyos magyar \u00edzek \u00e9s a szezon\u00e1lis \u00e9telek harm\u00f3ni\u00e1j\u00e1val!<\/p>\n<h2>A hagyom\u00e1nyos magyar \u00edzek \u00e9s azok modern v\u00e1ltozatai<\/h2>\n<p>A hagyom\u00e1nyos magyar \u00edzek gazdag \u00f6r\u00f6ks\u00e9ge \u00e9vsz\u00e1zadok \u00f3ta a magyar gasztron\u00f3mia sz\u00edv\u00e9t k\u00e9pezi. Az \u00edzek harm\u00f3ni\u00e1ja \u00e9s a min\u0151s\u00e9gi alapanyagok haszn\u00e1lata a magyar konyha alapelvei k\u00f6z\u00e9 tartozik. Az olyan klasszikus \u00e9telek, mint a guly\u00e1s, lecs\u00f3 vagy hortob\u00e1gyi palacsinta, nemcsak a t\u00e1pl\u00e1l\u00f3 \u00e9tkez\u00e9si lehet\u0151s\u00e9gek, hanem a csal\u00e1di \u00f6sszej\u00f6vetelek szerves r\u00e9sz\u00e9t is k\u00e9pezik.<\/p>\n<p>Manaps\u00e1g a s\u00e9fek egyre ink\u00e1bb a frissess\u00e9gre \u00e9s a szezon\u00e1lis \u00e9telekre helyezik a f\u00f3kuszt, \u00edgy a hagyom\u00e1nyos recepteket modern k\u00f6nt\u00f6sbe b\u00fajtatj\u00e1k. P\u00e9ld\u00e1ul a guly\u00e1s helyett tal\u00e1lkozhatunk kreat\u00edv, f\u00fazi\u00f3s v\u00e1ltozatokkal, amelyek \u00faj \u00edzeket \u00e9s t\u00e1lakat k\u00edn\u00e1lnak. A napi aj\u00e1nlatok k\u00f6z\u00f6tt gyakran szerepelnek olyan k\u00fcl\u00f6nleges aj\u00e1nlatok, amelyek a helyi alapanyagokb\u00f3l k\u00e9sz\u00fclnek, \u00edgy a vend\u00e9gek val\u00f3ban egyedi \u00e9lm\u00e9nyekkel gazdagodhatnak.<\/p>\n<p>A modern \u00e9tkez\u0151 k\u00f6rnyezetben a hagyom\u00e1nyos \u00edzek \u00fajra\u00e9rtelmez\u00e9se nemcsak az \u00e9ttermek, hanem az otthoni f\u0151z\u00e9s ter\u00e9n is egyre n\u00e9pszer\u0171bb\u00e9 v\u00e1lik. Ezzel a megk\u00f6zel\u00edt\u00e9ssel a gasztron\u00f3m\u00e1k lehet\u0151s\u00e9get kapnak arra, hogy a r\u00e9gi \u00edzeket \u00faj form\u00e1ban mutass\u00e1k be, \u00edgy a fiatalabb gener\u00e1ci\u00f3k is megismerkedhetnek a magyar konyha gazdags\u00e1g\u00e1val.<\/p>\n<h2>Szezon\u00e1lis \u00e9telek: frissess\u00e9g \u00e9s min\u0151s\u00e9gi alapanyagok<\/h2>\n<p>A szezon\u00e1lis \u00e9telek n\u00e9pszer\u0171s\u00e9ge az \u00e9tkez\u00e9si lehet\u0151s\u00e9gek k\u00f6z\u00f6tt nem v\u00e9letlen. Ezek az \u00e9telek nemcsak a frissess\u00e9g\u00fckr\u0151l, hanem a min\u0151s\u00e9gi alapanyagokr\u00f3l is h\u00edresek. A helyi termel\u0151kt\u0151l sz\u00e1rmaz\u00f3 z\u00f6lds\u00e9gek \u00e9s gy\u00fcm\u00f6lcs\u00f6k felhaszn\u00e1l\u00e1sa azt jelenti, hogy az \u00edzek harm\u00f3ni\u00e1ja a legjobban \u00e9rv\u00e9nyes\u00fcl. Gondoljunk csak a ny\u00e1ri paradicsomra vagy a friss, ropog\u00f3s sal\u00e1t\u00e1kra, amelyek minden falatn\u00e1l a term\u00e9szet \u00edz\u00e9t csemp\u00e9szik az \u00e9tkez\u0151 k\u00f6rnyezet\u00e9be.<\/p>\n<p>A hagyom\u00e1nyos magyar \u00edzek \u00fajragondolva a szezon\u00e1lis alapanyagok felhaszn\u00e1l\u00e1s\u00e1val k\u00fcl\u00f6nleges aj\u00e1nlatokat k\u00edn\u00e1lnak. A t\u00e1lak, amelyek tele vannak sz\u00ednes z\u00f6lds\u00e9gekkel \u00e9s \u00ednycsikland\u00f3 h\u00fas\u00e9telekkel, nemcsak l\u00e1tv\u00e1nyosak, hanem t\u00e1pl\u00e1l\u00f3ak is. A napi aj\u00e1nlat gyakran v\u00e1ltozik, \u00edgy mindig felfedezhet\u00fcnk valami \u00fajat \u00e9s izgalmasat.<\/p>\n<p>A szezon\u00e1lis \u00e9telek fogyaszt\u00e1sa nemcsak a fenntarthat\u00f3s\u00e1g szempontj\u00e1b\u00f3l fontos, hanem a kulin\u00e1ris \u00e9lm\u00e9nyek gazdag\u00edt\u00e1s\u00e1ban is szerepet j\u00e1tszik. Ezek az \u00e9telek eml\u00e9keztetnek minket arra, hogy a term\u00e9szet ritmus\u00e1t k\u00f6vetve \u00e9lvezhetj\u00fck a legjobbat, ami \u00e9ppen adott. \u00cdgy a k\u00fcl\u00f6nleges aj\u00e1nlatok kihaszn\u00e1l\u00e1s\u00e1val nemcsak a saj\u00e1t \u00edzlel\u0151bimb\u00f3inkat k\u00e9nyeztetj\u00fck, hanem a helyi gazdas\u00e1got is t\u00e1mogathatjuk.<\/p>\n<h2>\u00c9tkez\u00e9si lehet\u0151s\u00e9gek: t\u00e1lak \u00e9s k\u00fcl\u00f6nleges aj\u00e1nlatok<\/h2>\n<p>Az \u00e9tkez\u00e9si lehet\u0151s\u00e9gek sz\u00e9les spektrumot k\u00edn\u00e1lnak, ahol a t\u00e1lak \u00e9s k\u00fcl\u00f6nleges aj\u00e1nlatok kiemelt szerepet j\u00e1tszanak. A napi aj\u00e1nlatok k\u00f6z\u00f6tt gyakran tal\u00e1lkozhatunk szezon\u00e1lis \u00e9telekkel, amelyek felfedezik a hagyom\u00e1nyos magyar \u00edzek var\u00e1zs\u00e1t. Ezek az \u00e9telek nemcsak \u00edzletesek, hanem a frissess\u00e9g \u00e9s a min\u0151s\u00e9gi alapanyagok miatt is k\u00fcl\u00f6nleges \u00e9lm\u00e9nyt ny\u00fajtanak.<\/p>\n<p>\u00c9rdemes kipr\u00f3b\u00e1lni a k\u00fcl\u00f6nb\u00f6z\u0151 t\u00e1lakat, amelyek j\u00f3l t\u00fckr\u00f6zik az \u00edzek harm\u00f3ni\u00e1j\u00e1t. Legyen sz\u00f3 egy gazdag guly\u00e1sr\u00f3l vagy egy \u00ednycsikland\u00f3 hortob\u00e1gyi palacsint\u00e1r\u00f3l, minden falat egy \u00fajabb \u00edz\u00e9lm\u00e9nyt k\u00edn\u00e1l. Az \u00e9tkez\u0151 k\u00f6rnyezet is hozz\u00e1j\u00e1rul az \u00f6sszhat\u00e1shoz, hiszen egy hangulatos helysz\u00ednen az \u00e9telek m\u00e9g \u00e9lvezetesebbek.<\/p>\n<p>Ne feledkezz\u00fcnk meg a heti k\u00fcl\u00f6nleges aj\u00e1nlatokr\u00f3l sem, amelyek mindig tartogatnak meglepet\u00e9seket. Ezek az \u00e9telek sokszor megjelen\u00edtenek \u00faj \u00edzkompoz\u00edci\u00f3kat, amelyek a h\u00e9tk\u00f6znapi \u00e9tkez\u00e9seket is izgalmass\u00e1 teszik. A s\u00e9fek kreativit\u00e1sa lehet\u0151s\u00e9get ad arra, hogy felfedezz\u00fck a klasszikus \u00e9telek modern v\u00e1ltozatait is, \u00edgy minden l\u00e1togat\u00e1s \u00faj \u00e9lm\u00e9nyeket k\u00edn\u00e1l.<\/p>\n<h2>Az \u00e9tkez\u0151 k\u00f6rnyezet \u00e9s az \u00edzek harm\u00f3ni\u00e1ja<\/h2>\n<p>Az \u00e9tkez\u0151 k\u00f6rnyezete alapvet\u0151en befoly\u00e1solja az \u00edzek \u00e9lvezet\u00e9t. K\u00e9pzelj\u00fcnk el egy meghitt teret, ahol a <strong>szezon\u00e1lis \u00e9telek<\/strong> \u00e9s a <strong>hagyom\u00e1nyos magyar \u00edzek<\/strong> tal\u00e1lkoznak. Az \u00e9tkez\u00e9si lehet\u0151s\u00e9gek sz\u00e9les v\u00e1laszt\u00e9ka, mint p\u00e9ld\u00e1ul a k\u00fcl\u00f6nleges aj\u00e1nlatok, lehet\u0151v\u00e9 teszi, hogy felfedezz\u00fck a frissess\u00e9g \u00e9s a min\u0151s\u00e9gi alapanyagok var\u00e1zs\u00e1t.<\/p>\n<p>Az \u00edzek harm\u00f3ni\u00e1ja nem csup\u00e1n az \u00e9telek \u00f6sszetev\u0151it\u0151l f\u00fcgg, hanem a t\u00e1lak sz\u00edn\u00e9t\u0151l \u00e9s elrendez\u00e9s\u00e9t\u0151l is. Egy j\u00f3l megkompon\u00e1lt \u00e9tkez\u00e9s sor\u00e1n a vizu\u00e1lis \u00e9lm\u00e9ny \u00e9s a gasztron\u00f3miai tartalom \u00f6sszhangba ker\u00fcl, \u00edgy a napi aj\u00e1nlatok igazi \u00fcnnepp\u00e9 v\u00e1lnak. A megfelel\u0151 k\u00f6rnyezetben az \u00e9tkez\u00e9s k\u00f6z\u00e9ppontj\u00e1ba ker\u00fcl a k\u00f6z\u00f6s \u00e9lvezet.<\/p>\n<p>Fontos, hogy \u00e9rezz\u00fck, a gasztron\u00f3miai \u00e9lm\u00e9ny nem csup\u00e1n az \u00e9tel \u00edz\u00e9n m\u00falik, hanem a l\u00e9gk\u00f6r\u00f6n is, amely k\u00f6r\u00fclvesz minket. Az \u00e9tkez\u0151 k\u00f6rnyezete, a zene \u00e9s a t\u00e1rsas\u00e1g mind hozz\u00e1j\u00e1rulnak ahhoz, hogy a k\u00fcl\u00f6nleges aj\u00e1nlatok val\u00f3ban eml\u00e9kezetes pillanatokat okozzanak. A frissess\u00e9g \u00e9s a min\u0151s\u00e9gi alapanyagok minden falatban megjelennek, \u00edgy az \u00e9tkez\u00e9sek val\u00f3di \u00e9lvezetet ny\u00fajtanak.<\/p>\n","protected":false},"excerpt":{"rendered":"<p>Bevezet\u00e9s a napi \u00edzek vil\u00e1g\u00e1ba Az \u00e9tkez\u00e9s \u00e9lm\u00e9nye sokka [&hellip;]<\/p>\n","protected":false},"author":3,"featured_media":0,"comment_status":"closed","ping_status":"open","sticky":false,"template":"","format":"standard","meta":[],"categories":[159],"tags":[],"_links":{"self":[{"href":"https:\/\/lukang-audio.com\/api\/wp\/v2\/posts\/31218"}],"collection":[{"href":"https:\/\/lukang-audio.com\/api\/wp\/v2\/posts"}],"about":[{"href":"https:\/\/lukang-audio.com\/api\/wp\/v2\/types\/post"}],"author":[{"embeddable":true,"href":"https:\/\/lukang-audio.com\/api\/wp\/v2\/users\/3"}],"replies":[{"embeddable":true,"href":"https:\/\/lukang-audio.com\/api\/wp\/v2\/comments?post=31218"}],"version-history":[{"count":1,"href":"https:\/\/lukang-audio.com\/api\/wp\/v2\/posts\/31218\/revisions"}],"predecessor-version":[{"id":31219,"href":"https:\/\/lukang-audio.com\/api\/wp\/v2\/posts\/31218\/revisions\/31219"}],"wp:attachment":[{"href":"https:\/\/lukang-audio.com\/api\/wp\/v2\/media?parent=31218"}],"wp:term":[{"taxonomy":"category","embeddable":true,"href":"https:\/\/lukang-audio.com\/api\/wp\/v2\/categories?post=31218"},{"taxonomy":"post_tag","embeddable":true,"href":"https:\/\/lukang-audio.com\/api\/wp\/v2\/tags?post=31218"}],"curies":[{"name":"wp","href":"https:\/\/api.w.org\/{rel}","templated":true}]}}