{"id":32270,"date":"2025-11-05T09:59:17","date_gmt":"2025-11-05T01:59:17","guid":{"rendered":"https:\/\/lukang-audio.com\/?p=32270"},"modified":"2026-03-09T22:58:36","modified_gmt":"2026-03-09T14:58:36","slug":"redefinir-la-mode-ethique-et-responsable-en-france-pour-un-avenir-durable","status":"publish","type":"post","link":"https:\/\/lukang-audio.com\/32270\/redefinir-la-mode-ethique-et-responsable-en-france-pour-un-avenir-durable\/","title":{"rendered":"Red\u00e9finir la mode \u00e9thique et responsable en France pour un avenir durable"},"content":{"rendered":"<p>Pour b\u00e9n\u00e9ficier d&#8217;une garde-robe consciente, tournez-vous vers des v\u00eatements bio qui allient style et respect de l&#8217;environnement. En choisissant ce type de confection, vous participez \u00e0 une d\u00e9marche plus verte tout en restant \u00e0 la mode.<\/p>\n<p>La cr\u00e9ation en pr\u00eat-\u00e0-porter s&#8217;oriente progressivement vers des pratiques plus respectueuses, incluant des mati\u00e8res comme le coton biologique et d&#8217;autres textiles durables. Cette tendance adopte l\u2019\u00e9co-conception, o\u00f9 chaque pi\u00e8ce est pens\u00e9e pour r\u00e9duire l&#8217;impact environnemental tout en garantissant confort et \u00e9l\u00e9gance.<\/p>\n<p>En optant pour ces choix vestimentaires, vous soutenez une industrie qui valorise la transparence et le savoir-faire artisanal, red\u00e9finissant ainsi votre approche de la mode.<\/p>\n<h2>Les mat\u00e9riaux durables pour une mode consciente<\/h2>\n<p>Choisissez des tissus en fibres naturelles, comme le coton bio ou le lin, qui r\u00e9duisent l&#8217;impact environnemental. Ces mat\u00e9riaux sont cultiv\u00e9s sans pesticides et engendrent moins de pollution. Ils contribuent \u00e0 une production de v\u00eatements moins nuisible.<\/p>\n<p>L&#8217;\u00e9co-conception doit faire partie int\u00e9grante de chaque \u00e9tape de cr\u00e9ation. De la s\u00e9lection des mati\u00e8res \u00e0 la confection des pi\u00e8ces, chaque d\u00e9tail compte. Int\u00e9grer des pratiques innovantes am\u00e9liore non seulement la durabilit\u00e9, mais optimise aussi la qualit\u00e9 des articles.<\/p>\n<p>Les v\u00eatements en mati\u00e8res recycl\u00e9es gagnent en popularit\u00e9. En r\u00e9utilisant des mat\u00e9riaux, il est possible de donner une seconde vie aux textiles. Ce processus minimise les d\u00e9chets et utilise moins de ressources, pr\u00f4nant ainsi un mod\u00e8le circulaire.<\/p>\n<p>Le pr\u00eat-\u00e0-porter \u00e9thique doit int\u00e9grer des processus transparents. Informer les consommateurs sur l&#8217;origine et la fabrication des pi\u00e8ces est fondamental. Cela permet de valoriser le savoir-faire et de renforcer la confiance dans la marque.<\/p>\n<p>Adopter une telle d\u00e9marche favorise une consommation plus r\u00e9fl\u00e9chie. En choisissant une garde-robe compos\u00e9e de v\u00eatements bio et durables, chaque individu joue un r\u00f4le cl\u00e9 dans la pr\u00e9servation de notre environnement et encourage une strat\u00e9gie commerciale plus prospective.<\/p>\n<h2>R\u00e9duire l&#8217;empreinte carbone dans la cha\u00eene d&#8217;approvisionnement<\/h2>\n<p>Pour diminuer l&#8217;impact environnemental, il est conseill\u00e9 de privil\u00e9gier les fournisseurs locaux de tissus durables, limitant ainsi le transport longue distance. L&#8217;usage de mati\u00e8res telles que le coton bio et d&#8217;autres textiles \u00e9thiques permet de r\u00e9duire les \u00e9missions de CO2 li\u00e9es \u00e0 la production. En tant que cr\u00e9ateurs de pr\u00eat-\u00e0-porter, il est crucial de s&#8217;approvisionner aupr\u00e8s de partenaires respectant des normes strictes de durabilit\u00e9.<\/p>\n<p>En int\u00e9grant des pratiques comme le recyclage des mat\u00e9riaux et l&#8217;optimisation des processus de production, les marques peuvent aligner leur mod\u00e8le \u00e9conomique sur des valeurs de durabilit\u00e9. Adopter des v\u00eatements bio participe aussi \u00e0 la limitation des d\u00e9chets et \u00e0 la pr\u00e9servation des ressources. Des choix conscients dans chaque \u00e9tape de la cha\u00eene garantissent une approche respectueuse de l&#8217;environnement.<\/p>\n<h2>La transparence des marques : comprendre les pratiques \u00e9thiques<\/h2>\n<p>Les entreprises doivent adopter des approches d&#8217;\u00e9co-conception pour garantir une production respectueuse de l&#8217;environnement. Cela inclut l&#8217;utilisation de mat\u00e9riaux durables et la mise en place de processus visant \u00e0 r\u00e9duire l&#8217;empreinte carbone. Chaque acteur du secteur pr\u00eat-\u00e0-porter doit s&#8217;engager \u00e0 fournir des informations claires sur la provenance de ses produits, afin que les consommateurs puissent faire des choix \u00e9clair\u00e9s.<\/p>\n<table>\n<tbody>\n<tr>\n<th>Marque<\/th>\n<th>Pratique<\/th>\n<th>Durabilit\u00e9<\/th>\n<\/tr>\n<tr>\n<td>Marque A<\/td>\n<td>\u00c9co-conception<\/td>\n<td>90%<\/td>\n<\/tr>\n<tr>\n<td>Marque B<\/td>\n<td>Production locale<\/td>\n<td>80%<\/td>\n<\/tr>\n<tr>\n<td>Marque C<\/td>\n<td>Recyclabilit\u00e9 des mat\u00e9riaux<\/td>\n<td>85%<\/td>\n<\/tr>\n<\/tbody>\n<\/table>\n<p>Le mouvement vers une transparence accrue ne se limite pas \u00e0 la communication des proc\u00e9d\u00e9s. C&#8217;est \u00e9galement une invitation \u00e0 revisiter la perception du pr\u00eat-\u00e0-porter, en r\u00e9v\u00e9lant l&#8217;histoire derri\u00e8re chaque v\u00eatement. Les marques qui int\u00e8grent des pratiques eco-friendly ne doivent pas h\u00e9siter \u00e0 partager leurs efforts et r\u00e9sultats, facilitant ainsi la compr\u00e9hension des enjeux li\u00e9s \u00e0 la durabilit\u00e9.<\/p>\n<h2>Les initiatives locales pour promouvoir la mode \u00e9thique en France<\/h2>\n<p>Participer \u00e0 des march\u00e9s \u00e9thiques est une excellente mani\u00e8re de d\u00e9couvrir des cr\u00e9ateurs engag\u00e9s. Ces \u00e9v\u00e9nements mettent souvent en avant des v\u00eatements en pr\u00eat-\u00e0-porter con\u00e7us avec une attention particuli\u00e8re port\u00e9e \u00e0 l&#8217;\u00e9co-conception.<\/p>\n<p>Des ateliers de sensibilisation \u00e0 la durabilit\u00e9 prennent place dans plusieurs villes. Ils permettent aux participants d&#8217;apprendre \u00e0 cr\u00e9er des v\u00eatements \u00e0 partir de mat\u00e9riaux recycl\u00e9s, tout en recevant des conseils pratiques d&#8217;experts locaux.<\/p>\n<ul>\n<li>Les cr\u00e9ateurs qui utilisent des mati\u00e8res organiques et locales renforcent l&#8217;\u00e9conomie circulaire.<\/li>\n<li>Des boutiques collaboratives, o\u00f9 des artisans exposent leur travail, favorisent l&#8217;\u00e9change d&#8217;id\u00e9es.<\/li>\n<li>Des projets communautaires visent \u00e0 r\u00e9duire le gaspillage textile en collectant des v\u00eatements usag\u00e9s pour leur donner une nouvelle vie.<\/li>\n<\/ul>\n<p>Certains designers s&#8217;orientent vers l&#8217;utilisation de teintures naturelles et de techniques artisanales pour leurs collections. Cela r\u00e9duit non seulement l&#8217;impact environnemental, mais valorise \u00e9galement le savoir-faire local.<\/p>\n<p>Les associations luttent pour la sensibilisation en proposant des campagnes sur les r\u00e9seaux sociaux. Des influenceurs locaux partagent leurs exp\u00e9riences et encouragent l&#8217;achat responsable et r\u00e9fl\u00e9chi.<\/p>\n<p>Renommer une marque est une strat\u00e9gie adopt\u00e9e par plusieurs petites entreprises pour refl\u00e9ter un mod\u00e8le durable. Cela attire ainsi une client\u00e8le consciente des enjeux \u00e9cologiques.<\/p>\n<p>Pour davantage d\u2019informations, consultez ce lien: <a href=\"https:\/\/naarfr.com\/\">https:\/\/naarfr.com\/<\/a>.<\/p>\n<h2>Question-r\u00e9ponse : <\/h2>\n<h4>Qu&#8217;est-ce que &#8220;Naar&#8221; et quel est son objectif dans le domaine de la mode ?<\/h4>\n<p>&#8220;Naar&#8221; est une initiative qui vise \u00e0 red\u00e9finir la mode \u00e9thique et responsable en France. Son objectif principal est de promouvoir une mode plus respectueuse de l&#8217;environnement et des conditions de travail des ouvriers. L&#8217;initiative encourage les marques et les consommateurs \u00e0 adopter des pratiques plus durables et transparentes.<\/p>\n<h4>Comment &#8220;Naar&#8221; propose-t-elle de changer la perception de la mode \u00e9thique en France ?<\/h4>\n<p>\u00c0 travers des campagnes de sensibilisation et des collaborations avec des designers engag\u00e9s, &#8220;Naar&#8221; cherche \u00e0 modifier la mani\u00e8re dont les consommateurs envisagent la mode \u00e9thique. En mettant en avant des mat\u00e9riaux durables et des proc\u00e9d\u00e9s de fabrication responsables, l&#8217;initiative esp\u00e8re rendre la mode consciente plus attrayante et accessible au grand public.<\/p>\n<h4>Quelles sont les principales initiatives ou projets lanc\u00e9s par &#8220;Naar&#8221; jusqu&#8217;\u00e0 pr\u00e9sent ?<\/h4>\n<p>&#8220;Naar&#8221; a lanc\u00e9 plusieurs projets, dont des ateliers \u00e9ducatifs pour sensibiliser les consommateurs aux enjeux de la mode durable. De plus, elle collabore avec des marques locales pour cr\u00e9er des collections capsules qui mettent en avant des pratiques respectueuses de l&#8217;environnement. Ces projets visent \u00e0 montrer des alternatives concr\u00e8tes et inspirantes \u00e0 la mode traditionnelle.<\/p>\n<h4>Pourquoi la mode \u00e9thique est-elle devenue un sujet de plus en plus important en France ?<\/h4>\n<p>La mode \u00e9thique a gagn\u00e9 en importance en raison de la prise de conscience croissante concernant l&#8217;impact environnemental et social de l&#8217;industrie de la mode. Les consommateurs sont de plus en plus inform\u00e9s sur les conditions de travail des ouvriers et l&#8217;utilisation des ressources, ce qui les pousse \u00e0 rechercher des v\u00eatements fabriqu\u00e9s de mani\u00e8re responsable. Cette \u00e9volution s&#8217;inscrit dans une tendance plus large o\u00f9 la durabilit\u00e9 et l&#8217;\u00e9thique deviennent des crit\u00e8res essentiels dans les choix d&#8217;achat.<\/p>\n","protected":false},"excerpt":{"rendered":"<p>Pour b\u00e9n\u00e9ficier d&#8217;une garde-robe consciente, tour [&hellip;]<\/p>\n","protected":false},"author":3,"featured_media":0,"comment_status":"closed","ping_status":"open","sticky":false,"template":"","format":"standard","meta":[],"categories":[374],"tags":[],"_links":{"self":[{"href":"https:\/\/lukang-audio.com\/api\/wp\/v2\/posts\/32270"}],"collection":[{"href":"https:\/\/lukang-audio.com\/api\/wp\/v2\/posts"}],"about":[{"href":"https:\/\/lukang-audio.com\/api\/wp\/v2\/types\/post"}],"author":[{"embeddable":true,"href":"https:\/\/lukang-audio.com\/api\/wp\/v2\/users\/3"}],"replies":[{"embeddable":true,"href":"https:\/\/lukang-audio.com\/api\/wp\/v2\/comments?post=32270"}],"version-history":[{"count":1,"href":"https:\/\/lukang-audio.com\/api\/wp\/v2\/posts\/32270\/revisions"}],"predecessor-version":[{"id":32271,"href":"https:\/\/lukang-audio.com\/api\/wp\/v2\/posts\/32270\/revisions\/32271"}],"wp:attachment":[{"href":"https:\/\/lukang-audio.com\/api\/wp\/v2\/media?parent=32270"}],"wp:term":[{"taxonomy":"category","embeddable":true,"href":"https:\/\/lukang-audio.com\/api\/wp\/v2\/categories?post=32270"},{"taxonomy":"post_tag","embeddable":true,"href":"https:\/\/lukang-audio.com\/api\/wp\/v2\/tags?post=32270"}],"curies":[{"name":"wp","href":"https:\/\/api.w.org\/{rel}","templated":true}]}}