{"id":9115,"date":"2025-06-01T20:04:08","date_gmt":"2025-06-01T12:04:08","guid":{"rendered":"https:\/\/lukang-audio.com\/?p=9115"},"modified":"2026-01-15T20:29:21","modified_gmt":"2026-01-15T12:29:21","slug":"kategorie-cisel-v-architekture-a-dizajne-vyznam-a-vyuzitie","status":"publish","type":"post","link":"https:\/\/lukang-audio.com\/9115\/kategorie-cisel-v-architekture-a-dizajne-vyznam-a-vyuzitie\/","title":{"rendered":"Kateg\u00f3rie \u010d\u00edsel v architekt\u00fare a dizajne: v\u00fdznam a vyu\u017eitie"},"content":{"rendered":"<h2>\u00davod do kateg\u00f3ri\u00ed \u010d\u00edsel v architekt\u00fare a dizajne<\/h2>\n<p>V architekt\u00fare a dizajne zohr\u00e1va \u010d\u00edseln\u00e1 symbolika d\u00f4le\u017eit\u00fa \u00falohu, ktor\u00e1 sah\u00e1 za hranice jednoduch\u00e9ho estetick\u00e9ho vzh\u013eadu. Koncepty ako numerologick\u00e1 te\u00f3ria a princ\u00edpy usporiadania n\u00e1m pom\u00e1haj\u00fa pochopi\u0165, ako \u010d\u00edsla ovplyv\u0148uj\u00fa na\u0161e vn\u00edmanie priestorov. Napr\u00edklad, vo feng shui je pova\u017eovan\u00e9 \u010d\u00edslo tri za \u0161\u0165astn\u00e9, zatia\u013e \u010do v niektor\u00fdch kult\u00farach m\u00f4\u017ee ma\u0165 \u010d\u00edslo \u0161es\u0165 negat\u00edvny v\u00fdznam.<\/p>\n<p>Pri navrhovan\u00ed funk\u010dn\u00fdch priestorov takisto zohr\u00e1va \u010d\u00edslo d\u00f4le\u017eit\u00fa \u00falohu pri ur\u010dovan\u00ed vyv\u00e1\u017eenosti a harm\u00f3nie. Modern\u00e9 trendy v dizajne \u010dasto vyu\u017e\u00edvaj\u00fa geometrick\u00e9 prvky, ktor\u00e9 s\u00fa zalo\u017een\u00e9 na \u010d\u00edslach. \u010c\u00edsla a farby s\u00fa schopn\u00e9 ovplyvni\u0165 atmosf\u00e9ru priestoru, \u010d\u00edm prispej\u00fa k lep\u0161iemu z\u00e1\u017eitku pou\u017e\u00edvate\u013eov.<\/p>\n<p>Dizajnov\u00e9 koncepty, ktor\u00e9 integruj\u00fa tradi\u010dn\u00e9 a modern\u00e9 pr\u00edstupy, s\u00fa \u010dasto \u00faspe\u0161n\u00e9 pr\u00e1ve preto, \u017ee zoh\u013ead\u0148uj\u00fa symbolismus v architekt\u00fare. Pam\u00e4tajme si, \u017ee koncepcia priestoru by mala by\u0165 nielen funk\u010dn\u00e1, ale aj emocion\u00e1lna. V tomto smere je d\u00f4le\u017eit\u00e9 sk\u00fama\u0165, ako \u010d\u00edsla a ich kombin\u00e1cie prispievaj\u00fa k vytv\u00e1raniu vyv\u00e1\u017een\u00fdch n\u00e1vrhov, pri\u010dom <a href=\"https:\/\/hotelleonor.com\/\">https:\/\/hotelleonor.com\/<\/a> posil\u0148uj\u00fa pocit celistvosti.<\/p>\n<h2>Numerologick\u00e1 te\u00f3ria a jej v\u00fdznam v dizajnov\u00fdch konceptoch<\/h2>\n<p>Numerologick\u00e1 te\u00f3ria, zn\u00e1ma svojou schopnos\u0165ou pon\u00faknu\u0165 hlbok\u00e9 poh\u013eady na svet prostredn\u00edctvom \u010d\u00edsel, hr\u00e1 k\u013e\u00fa\u010dov\u00fa \u00falohu v dizajnov\u00fdch konceptoch. Jej princ\u00edpy usporiadania a symbolizmus v architekt\u00fare umo\u017e\u0148uj\u00fa vytv\u00e1ra\u0165 funk\u010dn\u00e9 priestory, ktor\u00e9 s\u00fa esteticky pr\u00edjemn\u00e9 a psychologicky priazniv\u00e9. Napr\u00edklad, \u010d\u00edslo 3 je spojen\u00e9 s harm\u00f3niou a rovnov\u00e1hou, \u010do sa \u010dasto odr\u00e1\u017ea v n\u00e1vrhoch, ktor\u00e9 vyu\u017e\u00edvaj\u00fa trojice prvkov.<\/p>\n<p>Modern\u00e9 trendy v dizajne \u010dastokr\u00e1t vych\u00e1dzaj\u00fa z numerologick\u00fdch z\u00e1kladov. Dizajn\u00e9ri integrovali \u010d\u00edsla a farby do svojich projektov, aby zlep\u0161ili emocion\u00e1lny z\u00e1\u017eitok u\u017e\u00edvate\u013eov. Napr\u00edklad, modr\u00e1 farba, reprezentuj\u00faca vieru a d\u00f4veru, je \u010dasto vyu\u017e\u00edvan\u00e1 v priestoroch, kde sa predpoklad\u00e1 interakcia s klientmi.<\/p>\n<p>Pri tvorbe vyv\u00e1\u017een\u00fdch n\u00e1vrhov je d\u00f4le\u017eit\u00e9 zoh\u013eadni\u0165 variabilitu jasnosti a tmavosti farieb, ktor\u00e1 m\u00f4\u017ee ovplyvni\u0165 atmosf\u00e9ru priestoru. Pr\u00ednos tradi\u010dn\u00fdch a modern\u00fdch pr\u00edstupov k numerologick\u00fdm konceptom v dizajne vedie k inovat\u00edvnym a harmonick\u00fdm v\u00fdsledkom. Poznanie t\u00fdchto princ\u00edpov m\u00f4\u017ee architektom a dizajn\u00e9rom pom\u00f4c\u0165 lep\u0161ie ch\u00e1pa\u0165 aspekty koncepcie priestoru, \u010d\u00edm sa vytv\u00e1raj\u00fa prostredia, v ktor\u00fdch sa \u013eudia c\u00edtia pohodlne a in\u0161pirovan\u00ed.<\/p>\n<h2>Princ\u00edpy usporiadania a funk\u010dn\u00e9 priestory: vplyv \u010d\u00edsel a farieb<\/h2>\n<p>V oblasti dizajnu zohr\u00e1va \u010d\u00edseln\u00e1 symbolika a farby k\u013e\u00fa\u010dov\u00fa \u00falohu. Numerologick\u00e1 te\u00f3ria nazna\u010duje, \u017ee ka\u017ed\u00e9 \u010d\u00edslo m\u00e1 svoj v\u00fdznam, ktor\u00fd m\u00f4\u017ee ovplyvni\u0165 na\u0161e vn\u00edmanie priestoru. Napr\u00edklad \u010d\u00edslo 3 je \u010dasto sp\u00e1jan\u00e9 s kreativitou, zatia\u013e \u010do 6 symbolizuje harm\u00f3niu a rovnov\u00e1hu. Tieto prvky m\u00f4\u017eu pom\u00f4c\u0165 pri vytv\u00e1ran\u00ed funk\u010dn\u00fdch priestorov, ktor\u00e9 podporuj\u00fa produktivitu a pohodu.<\/p>\n<p>Modern\u00e9 trendy v architekt\u00fare ukazuj\u00fa, \u017ee princ\u00edpy usporiadania s\u00fa skuto\u010dne d\u00f4le\u017eit\u00e9. Pri n\u00e1vrhu priestoru je nevyhnutn\u00e9 zahrn\u00fa\u0165 dizajnov\u00e9 koncepty, ktor\u00e9 integruj\u00fa r\u00f4zne farby a \u010d\u00edsla, \u010d\u00edm sa vytv\u00e1ra efekt\u00edvny a esteticky pr\u00edjemn\u00fd priestor. Tie\u017e je d\u00f4le\u017eit\u00e9 bra\u0165 do \u00favahy tradi\u010dn\u00e9 a modern\u00e9 pr\u00edstupy, ktor\u00e9 navz\u00e1jom interaguj\u00fa.<\/p>\n<p>Symbolizmus v architekt\u00fare nehr\u00e1 len estetick\u00fa \u00falohu, ale ovplyv\u0148uje aj psychol\u00f3giu u\u017e\u00edvate\u013ea. Pr\u00edkladom toho s\u00fa vyv\u00e1\u017een\u00e9 n\u00e1vrhy, kde farby komunikuj\u00fa em\u00f3cie a \u010d\u00edsla vytv\u00e1raj\u00fa logick\u00fa \u0161trukt\u00faru. Pomocou koncepcie priestoru vy\u0165a\u017eujeme maximum z ka\u017ed\u00e9ho aspektu dizajnu, \u010do posil\u0148uje na\u0161e interakcie v r\u00e1mci dan\u00e9ho prostredia.<\/p>\n<h2>Modern\u00e9 trendy a symbolism v architekt\u00fare<\/h2>\n<p>Modern\u00e1 architekt\u00fara sa st\u00e1le vyv\u00edja, pri\u010dom sa in\u0161piruje numerologickou te\u00f3riou a symbolizmom. Tieto koncepty ovplyv\u0148uj\u00fa dizajnov\u00e9 prax, a tak sa s nimi \u010doraz \u010dastej\u0161ie stret\u00e1vame v navrhovan\u00ed funk\u010dn\u00fdch priestorov. Architekti dnes \u010doraz viac vn\u00edmaj\u00fa \u010d\u00edsla a farby ako k\u013e\u00fa\u010dov\u00e9 prvky, ktor\u00e9 m\u00f4\u017eu ovplyvni\u0165 psychol\u00f3giu pou\u017e\u00edvate\u013eov priestorov.<\/p>\n<p>Princ\u00edpy usporiadania sa sp\u00e1jaj\u00fa s modern\u00fdmi trendmi, ktor\u00e9 klad\u00fa d\u00f4raz na vyv\u00e1\u017een\u00e9 n\u00e1vrhy. Pr\u00edkladom m\u00f4\u017ee by\u0165 architekt\u00fara zalo\u017een\u00e1 na zlatom reze, ktor\u00fd nie len skr\u00e1\u0161\u013euje budovy, ale aj vytv\u00e1ra harm\u00f3niu s pr\u00edrodn\u00fdm prostred\u00edm. Dizajnov\u00e9 koncepty, ktor\u00e9 zapracov\u00e1vaj\u00fa tieto my\u0161lienky, pon\u00fakaj\u00fa jedine\u010dn\u00e9 z\u00e1\u017eitky pre pou\u017e\u00edvate\u013eov.<\/p>\n<p>Okrem tradi\u010dn\u00fdch pr\u00edstupov sa modern\u00ed architekti sna\u017eia kombinova\u0165 r\u00f4zne \u0161t\u00fdly a technol\u00f3gie, aby posilnili koncepciu priestoru. Vytv\u00e1raj\u00fa tak miesta, ktor\u00e9 nie s\u00fa len funk\u010dn\u00e9, ale aj esteticky pr\u00ed\u0165a\u017eliv\u00e9.<\/p>\n<p>Symbolizmus v architekt\u00fare odr\u00e1\u017ea my\u0161lienky kult\u00farneho dedi\u010dstva a s\u00fa\u010dasn\u00fdch trendov, pri\u010dom \u010doraz \u010dastej\u0161ie zah\u0155\u0148a interakciu so spolo\u010dnos\u0165ou. T\u00fdmto sp\u00f4sobom sa architekt\u00fara st\u00e1va zrkadlom jeho \u010dasu, pri\u010dom akt\u00edvne oslovuje \u0161irok\u00e9 spektrum pou\u017e\u00edvate\u013eov a n\u00e1v\u0161tevn\u00edkov.<\/p>\n<h2>Vyv\u00e1\u017een\u00e9 n\u00e1vrhy: tradi\u010dn\u00e9 a modern\u00e9 pr\u00edstupy v koncepcii priestoru<\/h2>\n<p>Ka\u017ed\u00fd n\u00e1vrh priestoru vy\u017eaduje zoh\u013eadnenie princ\u00edpov usporiadania, ktor\u00e9 kombinuj\u00fa tradi\u010dn\u00e9 a modern\u00e9 pr\u00edstupy. Numerologick\u00e1 te\u00f3ria zohr\u00e1va k\u013e\u00fa\u010dov\u00fa \u00falohu, ke\u010f\u017ee \u010d\u00edsla a farby m\u00f4\u017eu ovplyvni\u0165 vn\u00edmanie funk\u010dn\u00fdch priestorov.<\/p>\n<p>Pri dizajnov\u00fdch konceptoch sa \u010dasto vyu\u017e\u00edva symbolism v architekt\u00fare, \u010do prispieva k vyv\u00e1\u017een\u00fdm n\u00e1vrhom. Modern\u00e9 trendy integruj\u00fa prirodzen\u00e9 materi\u00e1ly a svetlo, \u010d\u00edm vytv\u00e1raj\u00fa atmosf\u00e9ru pohody. D\u00f4le\u017eit\u00e9 je n\u00e1js\u0165 harm\u00f3niu medzi estetick\u00fdmi po\u017eiadavkami a praktick\u00fdmi potrebami.<\/p>\n<p>Tradi\u010dn\u00e9 pr\u00edstupy, ako s\u00fa symetria a proporcie, sa kombinuj\u00fa s inov\u00e1ciami, aby sa dosiahla unik\u00e1tna koncepcia priestoru. T\u00fdmto sp\u00f4sobom vznikaj\u00fa multifunk\u010dn\u00e9 prostredia, ktor\u00e9 skuto\u010dne zachyt\u00e1vaj\u00fa ducha doby.<\/p>\n","protected":false},"excerpt":{"rendered":"<p>\u00davod do kateg\u00f3ri\u00ed \u010d\u00edsel v architekt\u00fare a dizajne V arch [&hellip;]<\/p>\n","protected":false},"author":3,"featured_media":0,"comment_status":"closed","ping_status":"open","sticky":false,"template":"","format":"standard","meta":[],"categories":[73],"tags":[],"_links":{"self":[{"href":"https:\/\/lukang-audio.com\/api\/wp\/v2\/posts\/9115"}],"collection":[{"href":"https:\/\/lukang-audio.com\/api\/wp\/v2\/posts"}],"about":[{"href":"https:\/\/lukang-audio.com\/api\/wp\/v2\/types\/post"}],"author":[{"embeddable":true,"href":"https:\/\/lukang-audio.com\/api\/wp\/v2\/users\/3"}],"replies":[{"embeddable":true,"href":"https:\/\/lukang-audio.com\/api\/wp\/v2\/comments?post=9115"}],"version-history":[{"count":1,"href":"https:\/\/lukang-audio.com\/api\/wp\/v2\/posts\/9115\/revisions"}],"predecessor-version":[{"id":9116,"href":"https:\/\/lukang-audio.com\/api\/wp\/v2\/posts\/9115\/revisions\/9116"}],"wp:attachment":[{"href":"https:\/\/lukang-audio.com\/api\/wp\/v2\/media?parent=9115"}],"wp:term":[{"taxonomy":"category","embeddable":true,"href":"https:\/\/lukang-audio.com\/api\/wp\/v2\/categories?post=9115"},{"taxonomy":"post_tag","embeddable":true,"href":"https:\/\/lukang-audio.com\/api\/wp\/v2\/tags?post=9115"}],"curies":[{"name":"wp","href":"https:\/\/api.w.org\/{rel}","templated":true}]}}