{"id":9119,"date":"2025-09-16T03:14:55","date_gmt":"2025-09-15T19:14:55","guid":{"rendered":"https:\/\/lukang-audio.com\/?p=9119"},"modified":"2026-01-15T20:36:37","modified_gmt":"2026-01-15T12:36:37","slug":"miklos-erika-zenei-kritikai-es-velemenyei-expert-modra","status":"publish","type":"post","link":"https:\/\/lukang-audio.com\/9119\/miklos-erika-zenei-kritikai-es-velemenyei-expert-modra\/","title":{"rendered":"Mikl\u00f3s Erika zenei kritik\u00e1i \u00e9s v\u00e9lem\u00e9nyei expert m\u00f3dra"},"content":{"rendered":"<h2>Mikl\u00f3s Erika zenei kritik\u00e1inak bemutat\u00e1sa<\/h2>\n<p>Mikl\u00f3s Erika zenei kritik\u00e1i a hazai zenei \u00fajs\u00e1g\u00edr\u00e1s kiemelked\u0151 p\u00e9ld\u00e1i, melyekben a szakmai \u00e9rt\u00e9kel\u00e9sek m\u00e9lyebb betekint\u00e9st ny\u00fajtanak az el\u0151ad\u00e1sok min\u0151s\u00e9g\u00e9be. Az \u0151 \u00edr\u00e1sai nem csup\u00e1n a k\u00f6z\u00f6ns\u00e9g visszajelz\u00e9sek megfejt\u00e9s\u00e9re \u00f6sszpontos\u00edtanak, hanem a nagyszopr\u00e1n hagyom\u00e1nyok \u00e9s a zenei szak\u00e9rt\u0151k v\u00e9lem\u00e9ny\u00e9nek is teret adnak.<\/p>\n<p>Az el\u0151ad\u00e1skritik\u00e1kban Mikl\u00f3s gyakran r\u00e9szletes elemz\u00e9seket ny\u00fajt, amelyek sor\u00e1n az operaszerepek elismer\u00e9s\u00e9t is hangs\u00falyozza. Munk\u00e1iban a zene \u00e9s kritika kapcsolat\u00e1t hitelesen t\u00fckr\u00f6zi, ami seg\u00edt a zenei \u00e9let m\u00e9lyebb meg\u00e9rt\u00e9s\u00e9ben.<\/p>\n<p>P\u00e9ld\u00e1ul, amikor \u00e9rt\u00e9keli a leg\u00fajabb el\u0151ad\u00e1sokat, nemcsak a technikai teljes\u00edtm\u00e9nyt, hanem az \u00e9rzelmi hat\u00e1st is megvizsg\u00e1lja, hiszen az el\u0151ad\u00e1skritik\u00e1kban a k\u00f6z\u00f6ns\u00e9g visszajelz\u00e9sek is fontos szerepet j\u00e1tszanak <a href=\"https:\/\/humiklosaerika.com\/\">https:\/\/humiklosaerika.com\/<\/a>. Kritikai hangv\u00e9tele mindig t\u00e1mogat\u00f3, ami lehet\u0151v\u00e9 teszi a k\u00f6z\u00f6ns\u00e9g \u00e9s a m\u0171v\u00e9szek k\u00f6z\u00f6tti p\u00e1rbesz\u00e9det.<\/p>\n<p>Mikl\u00f3s Erika \u00edr\u00e1saiban a quartzot \u00fajs\u00e1g\u00edr\u00f3k hangv\u00e9tel\u00e9t is \u00e9szrevehetj\u00fck, ahol a zene szt\u00e1rjaival \u00e9s fell\u00e9p\u00e9seikkel foglalkozik. \u00cdgy bemutatja, hogy a zenei kritik\u00e1k nem csup\u00e1n \u00e9rt\u00e9kel\u00e9sek, hanem fontos r\u00e9szei a zenei kult\u00far\u00e1nak.<\/p>\n<p>\u00d6sszess\u00e9g\u00e9ben Mikl\u00f3s Erika kritik\u00e1i hozz\u00e1j\u00e1rulnak a zenei szc\u00e9na gazdag\u00edt\u00e1s\u00e1hoz, seg\u00edtve ezzel a k\u00f6z\u00f6ns\u00e9g t\u00e1j\u00e9koz\u00f3d\u00e1s\u00e1t \u00e9s a m\u0171v\u00e9szek elismer\u00e9s\u00e9t.<\/p>\n<h2>A nagy szopr\u00e1n hagyom\u00e1nyok \u00e9s azok hat\u00e1sa<\/h2>\n<p>A nagy szopr\u00e1n hagyom\u00e1nyok m\u00e9lyen gy\u00f6kereznek a klasszikus zene vil\u00e1g\u00e1ban, amely \u00e9vsz\u00e1zadok \u00f3ta form\u00e1lja a zenei el\u0151ad\u00e1sok min\u0151s\u00e9g\u00e9t. E trad\u00edci\u00f3k nem csup\u00e1n egyedi st\u00edlust k\u00e9pviselnek, hanem a k\u00f6z\u00f6ns\u00e9g visszajelz\u00e9sek alapj\u00e1n folyamatosan evolv\u00e1l\u00f3dnak is. A zenei szak\u00e9rt\u0151k \u00e9s a zenei \u00fajs\u00e1g\u00edr\u00e1s ter\u00e9n dolgoz\u00f3 quartzot \u00fajs\u00e1g\u00edr\u00f3k gyakran reflekt\u00e1lnak az ilyen el\u0151ad\u00e1sokra, hiszen a nagy szopr\u00e1n hangz\u00e1s\u00e1nak elismer\u00e9se kulcsszerepet j\u00e1tszik az operaszerepek \u00e9rt\u00e9kel\u00e9s\u00e9ben.<\/p>\n<p>Az el\u0151ad\u00e1skritik\u00e1k nem csup\u00e1n a szopr\u00e1n teljes\u00edtm\u00e9ny\u00e9t elemzik, hanem a zene \u00e9s kritika k\u00f6z\u00f6tti p\u00e1rbesz\u00e9det is er\u0151s\u00edtik. A szakmai \u00e9rt\u00e9kel\u00e9sek, amelyeket a rangos zenei lapok \u00edr\u00f3i publik\u00e1lnak, gyakran r\u00e1vil\u00e1g\u00edtanak arra, hogy az egyes szopr\u00e1nok hogyan alak\u00edtj\u00e1k \u00e1t a klasszikus darabokat, \u00e9s azok milyen hat\u00e1ssal vannak a modern operairodalomra.<\/p>\n<p>Az elm\u00falt \u00e9vekben a k\u00f6z\u00f6ns\u00e9g elismer\u00e9se is \u00e1talakult; a nagy szopr\u00e1n hagyom\u00e1nyok \u00faj gener\u00e1ci\u00f3i friss perspekt\u00edv\u00e1kat hoztak a sz\u00ednpadra. A zenei szak\u00e9rt\u0151k rendszeresen kihangs\u00falyozz\u00e1k, hogy az \u00faj szopr\u00e1n el\u0151ad\u00f3k nemcsak a technikai \u00fcgyess\u00e9get, hanem a kifejez\u0151er\u0151t \u00e9s az \u00e9rzelmi m\u00e9lys\u00e9get is magukban hordozz\u00e1k.<\/p>\n<p>Ezek a hagyom\u00e1nyok teh\u00e1t nemcsak emblematikus szerepl\u0151i az oper\u00e1nak, hanem alapvet\u0151en befoly\u00e1solj\u00e1k az el\u0151ad\u00e1sok min\u0151s\u00e9g\u00e9t is, form\u00e1lva a j\u00f6v\u0151 zenei t\u00e1j\u00e1t.<\/p>\n<h2>Szakmai \u00e9rt\u00e9kel\u00e9sek \u00e9s el\u0151ad\u00e1skritik\u00e1k m\u00e9lyrehat\u00f3 elemz\u00e9se<\/h2>\n<p>A zenei \u00fajs\u00e1g\u00edr\u00e1s vil\u00e1g\u00e1ban a szakmai \u00e9rt\u00e9kel\u00e9sek alapvet\u0151 szerepet j\u00e1tszanak a k\u00f6z\u00f6ns\u00e9g \u00e9s a m\u0171v\u00e9szek kapcsolat\u00e1nak meg\u00e9rt\u00e9s\u00e9ben. Az el\u0151ad\u00e1skritik\u00e1k nem csup\u00e1n az egyes el\u0151ad\u00e1sok min\u0151s\u00e9g\u00e9t t\u00fckr\u00f6zik, hanem a nagy szopr\u00e1n hagyom\u00e1nyok tisztelet\u00e9t \u00e9s \u00e1pol\u00e1s\u00e1t is. Egy j\u00f3l meg\u00edrt kritika k\u00e9pes megjelen\u00edteni az operaszerepek elismer\u00e9s\u00e9t, hiszen az el\u0151ad\u00e1sok sor\u00e1n a k\u00f6z\u00f6ns\u00e9g visszajelz\u00e9sek alapj\u00e1n form\u00e1l\u00f3dik a m\u0171v\u00e9szet j\u00f6v\u0151je.<\/p>\n<p>Zenei szak\u00e9rt\u0151k gyakran hangs\u00falyozz\u00e1k, hogy a kritik\u00e1k lehet\u0151s\u00e9get biztos\u00edtanak a m\u0171v\u00e9szek sz\u00e1m\u00e1ra, hogy fejl\u0151djenek, \u00e9s a k\u00f6z\u00f6ns\u00e9g is jobban meg\u00e9rtse a bemutatott m\u0171veket. A zene \u00e9s kritika k\u00f6z\u00f6tti szoros k\u00f6lcs\u00f6nhat\u00e1s kulcsszerepet j\u00e1tszik abban, hogy mik\u00e9ppen form\u00e1l\u00f3dik egy zenei k\u00f6zeg, ahol a v\u00e9lem\u00e9nyek \u00e9s tapasztalatok \u00e9pp\u00fagy fontosak, mint maguk a m\u0171alkot\u00e1sok.<\/p>\n<p>Tov\u00e1bb\u00e1, a quartzot \u00fajs\u00e1g\u00edr\u00f3k \u00e1ltal k\u00e9sz\u00edtett elemz\u00e9sek nemcsak a zenei \u00e9lm\u00e9nyek m\u00e9lyebb meg\u00e9rt\u00e9s\u00e9t seg\u00edtik, hanem \u00f6szt\u00f6nzik a p\u00e1rbesz\u00e9det is. Az \u00e9rt\u00e9kel\u00e9sek \u00e9s kritik\u00e1k mindig t\u00fckr\u00f6zik az aktu\u00e1lis trendsz\u00e1lakat, lehet\u0151v\u00e9 t\u00e9ve a m\u0171v\u00e9szek sz\u00e1m\u00e1ra, hogy v\u00e1laszolj\u00e1k a k\u00f6z\u00f6ns\u00e9g ig\u00e9nyeire.<\/p>\n<p>\u00d6sszess\u00e9g\u00e9ben a szakmai \u00e9rt\u00e9kel\u00e9sek \u00e9s el\u0151ad\u00e1skritik\u00e1k elengedhetetlen eszk\u00f6z\u00f6k ahhoz, hogy a zenei \u00e9let folyamatosan fejl\u0151dj\u00f6n, t\u00e1mogassa a fiatal tehets\u00e9geket, \u00e9s lehet\u0151s\u00e9get adjon arra, hogy a hagyom\u00e1nyok mellett \u00faj utakat is felfedezz\u00fcnk a zenei m\u0171fajok vil\u00e1g\u00e1ban.<\/p>\n<h2>Zenei \u00fajs\u00e1g\u00edr\u00e1s a modern korban: kih\u00edv\u00e1sok \u00e9s lehet\u0151s\u00e9gek<\/h2>\n<p>A zenei \u00fajs\u00e1g\u00edr\u00e1s a modern korban sz\u00e1mos kih\u00edv\u00e1ssal n\u00e9z szembe, mint p\u00e9ld\u00e1ul a k\u00f6z\u00f6ns\u00e9g visszajelz\u00e9sek \u00e9s a digit\u00e1lis tartalomverseny. A zenei szak\u00e9rt\u0151k sz\u00e1m\u00e1ra fontos, hogy szakmai \u00e9rt\u00e9kel\u00e9seiket hiteles\u00edtve jelentsenek meg, k\u00fcl\u00f6n\u00f6s figyelmet ford\u00edtva a nagy szopr\u00e1n hagyom\u00e1nyok \u00e9s operaszerepek elismer\u00e9s\u00e9re. Az el\u0151ad\u00e1skritik\u00e1k pedig rendk\u00edv\u00fcl hasznosak, hiszen k\u00e9pesek a sz\u00ednvonalas el\u0151ad\u00e1sok min\u0151s\u00e9ge mellett \u00e9rvelni.<\/p>\n<p>A digit\u00e1lis vil\u00e1g lehet\u0151s\u00e9geket is k\u00edn\u00e1l: a zene \u00e9s kritika tal\u00e1lkoz\u00e1sa \u00faj form\u00e1kat \u00f6lt, p\u00e9ld\u00e1ul a quartzot \u00fajs\u00e1g\u00edr\u00f3k \u00e1ltal k\u00e9sz\u00edtett interakt\u00edv tartalmak r\u00e9v\u00e9n. Az olvas\u00f3k ig\u00e9nyei folyamatosan v\u00e1ltoznak, ez\u00e9rt a zenei \u00fajs\u00e1g\u00edr\u00f3knak alkalmazkodniuk kell a trendekhez, maguk\u00e9v\u00e1 t\u00e9ve a k\u00f6z\u00f6ns\u00e9g ig\u00e9nyeit.<\/p>\n<p>\u00d6sszess\u00e9g\u00e9ben a zenei \u00fajs\u00e1g\u00edr\u00e1s nem csup\u00e1n a sz\u00f3rakoztat\u00e1sr\u00f3l sz\u00f3l, hanem a m\u0171v\u00e9szet \u00e9s a kult\u00fara m\u00e9lyebb meg\u00e9rt\u00e9s\u00e9r\u0151l, ami \u00faj kih\u00edv\u00e1sokat \u00e9s lehet\u0151s\u00e9geket teremt a j\u00f6v\u0151 gener\u00e1ci\u00f3i sz\u00e1m\u00e1ra.<\/p>\n<h2>K\u00f6z\u00f6ns\u00e9g visszajelz\u00e9sek jelent\u0151s\u00e9ge \u00e9s hat\u00e1sa az el\u0151ad\u00e1sok min\u0151s\u00e9g\u00e9\u00e9re<\/h2>\n<p>A k\u00f6z\u00f6ns\u00e9g visszajelz\u00e9sei alapvet\u0151 fontoss\u00e1g\u00faak az el\u0151ad\u00e1sok min\u0151s\u00e9g\u00e9nek jav\u00edt\u00e1s\u00e1ban. A szakmai \u00e9rt\u00e9kel\u00e9sek, mint az el\u0151ad\u00e1skritik\u00e1k, seg\u00edtik a m\u0171v\u00e9szeket abban, hogy meg\u00e9rts\u00e9k, hogyan fogadj\u00e1k \u0151ket. A zenei \u00fajs\u00e1g\u00edr\u00e1s sor\u00e1n a nagy szopr\u00e1n hagyom\u00e1nyok \u00e9s operaszerepek elismer\u00e9se is a k\u00f6z\u00f6ns\u00e9g reakci\u00f3in m\u00falik.<\/p>\n<p>Azel\u0151t a zene \u00e9s kritika k\u00f6lcs\u00f6nhat\u00e1sa nem csup\u00e1n m\u0171v\u00e9szi \u00e9rt\u00e9keket, hanem a k\u00f6z\u00f6ns\u00e9g \u00e9lm\u00e9nyeit is t\u00fckr\u00f6zi. A zenei szak\u00e9rt\u0151k \u00e1ltal megfogalmazott v\u00e9lem\u00e9nyek r\u00e1vil\u00e1g\u00edtanak, mennyire fontos, hogy figyelembe vegy\u00fck a n\u00e9z\u0151k ig\u00e9nyeit. A quartzot \u00fajs\u00e1g\u00edr\u00f3k szak\u00e9rtelme r\u00e9v\u00e9n ezek az \u00e9rt\u00e9kel\u00e9sek m\u00e9g sz\u00e9lesebb k\u00f6rben el\u00e9rhet\u0151v\u00e9 v\u00e1lnak.<\/p>\n<p>V\u00e9g\u00fcl, a k\u00f6z\u00f6ns\u00e9g visszajelz\u00e9sek folyamatosan form\u00e1lj\u00e1k a m\u0171fajokat \u00e9s az el\u0151ad\u00f3k st\u00edlus\u00e1t, \u00edgy k\u00f6zvetve befoly\u00e1solj\u00e1k a zen\u00e9szek fejl\u0151d\u00e9s\u00e9t. Az interakci\u00f3k nem csup\u00e1n az el\u0151ad\u00e1sok min\u0151s\u00e9g\u00e9t n\u00f6velik, hanem hozz\u00e1j\u00e1rulnak az eg\u00e9sz zenei k\u00f6z\u00f6ss\u00e9g dinamizmus\u00e1hoz is.<\/p>\n","protected":false},"excerpt":{"rendered":"<p>Mikl\u00f3s Erika zenei kritik\u00e1inak bemutat\u00e1sa Mikl\u00f3s Erika  [&hellip;]<\/p>\n","protected":false},"author":3,"featured_media":0,"comment_status":"closed","ping_status":"open","sticky":false,"template":"","format":"standard","meta":[],"categories":[109],"tags":[],"_links":{"self":[{"href":"https:\/\/lukang-audio.com\/api\/wp\/v2\/posts\/9119"}],"collection":[{"href":"https:\/\/lukang-audio.com\/api\/wp\/v2\/posts"}],"about":[{"href":"https:\/\/lukang-audio.com\/api\/wp\/v2\/types\/post"}],"author":[{"embeddable":true,"href":"https:\/\/lukang-audio.com\/api\/wp\/v2\/users\/3"}],"replies":[{"embeddable":true,"href":"https:\/\/lukang-audio.com\/api\/wp\/v2\/comments?post=9119"}],"version-history":[{"count":1,"href":"https:\/\/lukang-audio.com\/api\/wp\/v2\/posts\/9119\/revisions"}],"predecessor-version":[{"id":9120,"href":"https:\/\/lukang-audio.com\/api\/wp\/v2\/posts\/9119\/revisions\/9120"}],"wp:attachment":[{"href":"https:\/\/lukang-audio.com\/api\/wp\/v2\/media?parent=9119"}],"wp:term":[{"taxonomy":"category","embeddable":true,"href":"https:\/\/lukang-audio.com\/api\/wp\/v2\/categories?post=9119"},{"taxonomy":"post_tag","embeddable":true,"href":"https:\/\/lukang-audio.com\/api\/wp\/v2\/tags?post=9119"}],"curies":[{"name":"wp","href":"https:\/\/api.w.org\/{rel}","templated":true}]}}