{"id":9435,"date":"2025-07-19T20:45:08","date_gmt":"2025-07-19T12:45:08","guid":{"rendered":"https:\/\/lukang-audio.com\/?p=9435"},"modified":"2026-01-16T02:21:28","modified_gmt":"2026-01-15T18:21:28","slug":"fedezd-fel-a-zselic-csodait-egy-felejthetetlen-hetvegi-kaland","status":"publish","type":"post","link":"https:\/\/lukang-audio.com\/9435\/fedezd-fel-a-zselic-csodait-egy-felejthetetlen-hetvegi-kaland\/","title":{"rendered":"Fedezd fel a Zselic csod\u00e1it: Egy felejthetetlen h\u00e9tv\u00e9gi kaland"},"content":{"rendered":"<h2>Fedezd fel a Zselic csod\u00e1it<\/h2>\n<p>A Zselic var\u00e1zslatos t\u00e1jai sz\u00e1mos szabadt\u00e9ri kalandot k\u00edn\u00e1lnak a term\u00e9szet szerelmesei sz\u00e1m\u00e1ra. Ak\u00e1r egy f\u00e1raszt\u00f3 t\u00far\u00e1z\u00e1s, ak\u00e1r az erdei pihen\u00e9s lehet p\u00e9ntek esti program, itt mindenki tal\u00e1lhat kedv\u00e9re val\u00f3 elfoglalts\u00e1got. A helyi t\u00faravezet\u0151k sz\u00edvesen osztj\u00e1k meg tud\u00e1sukat, hogy felfedezhess\u00fck a t\u00e9rs\u00e9g rejtett kincseit.<\/p>\n<p>A csal\u00e1di programok sor\u00e1n a gyerekek is akt\u00edvan r\u00e9szt vehetnek a term\u00e9szetj\u00e1r\u00e1sban. \u00c9lm\u00e9nyd\u00fas kir\u00e1ndul\u00e1sok v\u00e1rnak r\u00e1nk, ahol felfedezhetj\u00fck a zselici term\u00e9szeti kincseket, mint a csod\u00e1latos v\u00edzes\u00e9seket \u00e9s titkos \u00f6sv\u00e9nyeket. Ezek nemcsak felejthetetlen \u00e9lm\u00e9nyeket k\u00edn\u00e1lnak, hanem hozz\u00e1j\u00e1rulnak a fenntarthat\u00f3 turizmushoz is, amelynek c\u00e9lja a k\u00f6rnyezet meg\u00f3v\u00e1sa.<\/p>\n<p>A Zselicben tal\u00e1lkozunk a helyi \u00e9telek k\u00f3stol\u00f3j\u00e1val is, ahol a hagyom\u00e1nyos magyar \u00edzek mellett a region\u00e1lis specialit\u00e1sokat \u00edzlelhetj\u00fck meg. Ez\u00e1ltal nemcsak a term\u00e9szetet, hanem a kult\u00far\u00e1t is felfedezhetj\u00fck, ami m\u00e9g gazdagabb\u00e1 teszi az itt elt\u00f6lt\u00f6tt id\u0151t. Fedezd fel a szabadt\u00e9ri kalandokat, \u00e9s \u00e9ld \u00e1t a Zselic csod\u00e1it saj\u00e1t magad <a href=\"https:\/\/zselickincse.com\/\">https:\/\/zselickincse.com\/<\/a>!<\/p>\n<h2>Szabadt\u00e9ri kalandok \u00e9s t\u00far\u00e1z\u00e1s lehet\u0151s\u00e9gei<\/h2>\n<p>A szabadt\u00e9ri kalandok vil\u00e1g\u00e1ban sok izgalmas lehet\u0151s\u00e9g v\u00e1rja a term\u00e9szetbar\u00e1tokat. A t\u00far\u00e1z\u00e1s nem csup\u00e1n a l\u00e1bizmok edz\u00e9s\u00e9r\u0151l sz\u00f3l, hanem a l\u00e9lek felfriss\u00edt\u00e9s\u00e9r\u0151l is. \u00c9rdemes felfedezni a Zselici term\u00e9szeti kincseket, ahol a f\u00e1k alatt t\u00f6lthet\u0151 erdei pihen\u00e9s felt\u00f6lt\u0151d\u00e9st ny\u00fajt. A helyi t\u00faravezet\u0151k szak\u00e9rtelme seg\u00edt abban, hogy a felfedez\u00e9sek sor\u00e1n m\u00e9g t\u00f6bb \u00e9lm\u00e9nyben legyen r\u00e9sz\u00fcnk.<\/p>\n<p>Az akt\u00edv kikapcsol\u00f3d\u00e1s t\u00f6k\u00e9letes form\u00e1ja a csal\u00e1di programok keret\u00e9ben zajl\u00f3 kir\u00e1ndul\u00e1s. Ezek az \u00e9lm\u00e9nyd\u00fas kir\u00e1ndul\u00e1sok sor\u00e1n a legkisebbek is megtapasztalhatj\u00e1k a szabadban elt\u00f6lt\u00f6tt id\u0151 var\u00e1zs\u00e1t. A helyi \u00e9telek k\u00f3stol\u00f3ja pedig egy \u00fajabb \u00edzletes ok, hogy felfedezz\u00fck a vid\u00e9ki \u00e9letritmust.<\/p>\n<p>A fenntarthat\u00f3 turizmus jegy\u00e9ben fontos, hogy tiszteletben tartsuk a term\u00e9szetet, \u00e9s t\u00e1mogassuk a helyi k\u00f6z\u00f6ss\u00e9geket. \u00cdgy biztos\u00edthatjuk, hogy a szabadt\u00e9ri kalandok \u00e9lm\u00e9nye a j\u00f6v\u0151 gener\u00e1ci\u00f3i sz\u00e1m\u00e1ra is el\u00e9rhet\u0151 maradjon.<\/p>\n<h2>Helyi t\u00faravezet\u0151k \u00e9s csal\u00e1di programok<\/h2>\n<p>A zselici term\u00e9szeti kincsek felfedez\u00e9se sor\u00e1n a helyi t\u00faravezet\u0151k n\u00e9lk\u00fcl\u00f6zhetetlen szerepet j\u00e1tszanak. \u0150k nemcsak a rejtett \u00f6sv\u00e9nyekre viszik el a csal\u00e1dokat, hanem gazdag ismereteikkel sz\u00ednes\u00edtik a szabadt\u00e9ri kalandokat, \u00edgy a t\u00far\u00e1z\u00e1s \u00e9lvezetesebb \u00e9s inform\u00e1ci\u00f3kkal teli \u00e9lm\u00e9ny\u00e9 v\u00e1lik.<\/p>\n<p>Csal\u00e1di programok ter\u00e9n a t\u00faravezet\u0151k \u00e1ltal szervezett \u00e9lm\u00e9nyd\u00fas kir\u00e1ndul\u00e1sok k\u00fcl\u00f6n\u00f6sen n\u00e9pszer\u0171ek. ezek lehet\u0151v\u00e9 teszik, hogy a csal\u00e1dok k\u00f6z\u00f6sen \u00e9lvezhess\u00e9k az erdei pihen\u00e9s \u00f6r\u00f6meit, mik\u00f6zben helyi \u00e9telek k\u00f3stol\u00f3j\u00e1n is r\u00e9szt vehetnek. \u00cdgy a gyerekek nemcsak a term\u00e9szet sz\u00e9ps\u00e9geivel ismerkednek meg, hanem a helyi gasztron\u00f3mi\u00e1val is.<\/p>\n<p>Az akt\u00edv kikapcsol\u00f3d\u00e1s sor\u00e1n a fenntarthat\u00f3 turizmus elveit k\u00f6vetve a helyi t\u00faravezet\u0151k biztos\u00edtj\u00e1k, hogy minden program k\u00f6rnyezetbar\u00e1t legyen. Fontos sz\u00e1mukra, hogy a l\u00e1togat\u00f3k meg\u00e9rts\u00e9k, mi\u00e9rt fontos a term\u00e9szet v\u00e9delme \u00e9s hogyan j\u00e1rulhatnak hozz\u00e1 a k\u00f6rnyezet fenntart\u00e1s\u00e1hoz, mik\u00f6zben felfedezik a Zselic csod\u00e1it.<\/p>\n<p>Ez\u00e9rt \u00e9rdemes v\u00e1lasztani a szak\u00e9rt\u0151 helyi t\u00faravezet\u0151ket, akik nemcsak eml\u00e9kezetes programokat k\u00edn\u00e1lnak, hanem a csal\u00e1dok sz\u00e1m\u00e1ra is maradand\u00f3 \u00e9lm\u00e9nyeket ny\u00fajtanak.<\/p>\n<h2>Zselici term\u00e9szeti kincsek \u00e9s fenntarthat\u00f3 turizmus<\/h2>\n<p>A Zselic mag\u00e1val ragad\u00f3 t\u00e1jai a szabadt\u00e9ri kalandok kedvel\u0151inek ide\u00e1lis c\u00e9lpontot k\u00edn\u00e1lnak. Az erd\u0151kben val\u00f3 t\u00far\u00e1z\u00e1s, a t\u00e1j felfedez\u00e9se, valamint a helyi t\u00faravezet\u0151k \u00e1ltal vezetett t\u00far\u00e1k seg\u00edts\u00e9g\u00e9vel a l\u00e1togat\u00f3k m\u00e9lyebben megismerhetik ezt a csod\u00e1latos vid\u00e9ket.<\/p>\n<p>A Zselici term\u00e9szeti kincsek v\u00e9delme \u00e9rdek\u00e9ben fontos a fenntarthat\u00f3 turizmus n\u00e9pszer\u0171s\u00edt\u00e9se. A csal\u00e1di programok, mint p\u00e9ld\u00e1ul a mad\u00e1rles \u00e9s a term\u00e9szetfilm n\u00e9z\u00e9s, remek lehet\u0151s\u00e9get ny\u00fajtanak az akt\u00edv kikapcsol\u00f3d\u00e1sra, mik\u00f6zben a term\u00e9szet ir\u00e1nti tiszteletet is er\u0151s\u00edtik.<\/p>\n<p>Az \u00e9lm\u00e9nyd\u00fas kir\u00e1ndul\u00e1sok sor\u00e1n a l\u00e1togat\u00f3k nem csup\u00e1n a fest\u0151i t\u00e1jakban gy\u00f6ny\u00f6rk\u00f6dhetnek, hanem megk\u00f3stolhatj\u00e1k a helyi \u00e9telek k\u00f3stol\u00f3j\u00e1t is, \u00edgy a zselici gasztron\u00f3mia k\u00edn\u00e1lat\u00e1t is felfedezhetik. Az ilyen \u00e9lm\u00e9nyek seg\u00edtik a helyi k\u00f6z\u00f6ss\u00e9gek t\u00e1mogat\u00e1s\u00e1t is.<\/p>\n<p>\u00d6sszess\u00e9g\u00e9ben a Zselic t\u00f6k\u00e9letes helysz\u00edn a term\u00e9szet \u00e9s a fenntarthat\u00f3 turizmus ir\u00e1nt \u00e9rdekl\u0151d\u0151k sz\u00e1m\u00e1ra, ahol a helyi \u00e9telek \u00e9s a kalandok mellett a k\u00f6rnyezet v\u00e9delm\u00e9re is hangs\u00falyt helyeznek.<\/p>\n<h2>Helyi \u00e9telek k\u00f3stol\u00f3ja \u00e9s akt\u00edv kikapcsol\u00f3d\u00e1s<\/h2>\n<p>A zselici term\u00e9szeti kincsek felfedez\u00e9se igazi \u00e9lm\u00e9nyd\u00fas kir\u00e1ndul\u00e1s, amely sor\u00e1n nemcsak a csod\u00e1latos t\u00e1jban gy\u00f6ny\u00f6rk\u00f6dhet\u00fcnk, hanem a helyi \u00e9telek k\u00f3stol\u00e1s\u00e1ra is lehet\u0151s\u00e9g ny\u00edlik. A szabadt\u00e9ri kalandok mellett a csal\u00e1di programok gazdag v\u00e1laszt\u00e9ka v\u00e1rja az odal\u00e1togat\u00f3kat, ahol a t\u00far\u00e1z\u00e1s \u00e9s az erdei pihen\u00e9s t\u00f6k\u00e9letes kombin\u00e1ci\u00f3ja val\u00f3sul meg.<\/p>\n<p>Fedezze fel a helyi t\u00faravezet\u0151k \u00e1ltal szervezett t\u00far\u00e1kat, amelyek a fenntarthat\u00f3 turizmus jegy\u00e9ben a r\u00e9gi\u00f3 \u00edzeit \u00e9s kult\u00far\u00e1j\u00e1t mutatj\u00e1k be. K\u00f3stolja meg a hagyom\u00e1nyos zselici \u00e9teleket, mint p\u00e9ld\u00e1ul a h\u00e1zi k\u00e9sz\u00edt\u00e9s\u0171 p\u00e1link\u00e1t \u00e9s a finom gy\u00fcm\u00f6lcs\u00f6ket, amelyek a helyi gazd\u00e1k termel\u00e9s\u00e9b\u0151l sz\u00e1rmaznak.<\/p>\n<p>A friss leveg\u0151n elt\u00f6lt\u00f6tt id\u0151 nemcsak az aktivit\u00e1s miatt j\u00f3t\u00e9kony, hanem a k\u00f6zvetlen tal\u00e1lkoz\u00e1sok r\u00e9v\u00e9n is eml\u00e9kezetesebb\u00e9 v\u00e1lik. A helyi \u00e9telek \u00e9lvezete mellett a csoportos programokban val\u00f3 r\u00e9szv\u00e9tel lehet\u0151s\u00e9get ad az ismerked\u00e9sre \u00e9s a k\u00f6z\u00f6s \u00e9lm\u00e9nyek meg\u00e9l\u00e9s\u00e9re.<\/p>\n","protected":false},"excerpt":{"rendered":"<p>Fedezd fel a Zselic csod\u00e1it A Zselic var\u00e1zslatos t\u00e1jai  [&hellip;]<\/p>\n","protected":false},"author":3,"featured_media":0,"comment_status":"closed","ping_status":"open","sticky":false,"template":"","format":"standard","meta":[],"categories":[100],"tags":[],"_links":{"self":[{"href":"https:\/\/lukang-audio.com\/api\/wp\/v2\/posts\/9435"}],"collection":[{"href":"https:\/\/lukang-audio.com\/api\/wp\/v2\/posts"}],"about":[{"href":"https:\/\/lukang-audio.com\/api\/wp\/v2\/types\/post"}],"author":[{"embeddable":true,"href":"https:\/\/lukang-audio.com\/api\/wp\/v2\/users\/3"}],"replies":[{"embeddable":true,"href":"https:\/\/lukang-audio.com\/api\/wp\/v2\/comments?post=9435"}],"version-history":[{"count":1,"href":"https:\/\/lukang-audio.com\/api\/wp\/v2\/posts\/9435\/revisions"}],"predecessor-version":[{"id":9436,"href":"https:\/\/lukang-audio.com\/api\/wp\/v2\/posts\/9435\/revisions\/9436"}],"wp:attachment":[{"href":"https:\/\/lukang-audio.com\/api\/wp\/v2\/media?parent=9435"}],"wp:term":[{"taxonomy":"category","embeddable":true,"href":"https:\/\/lukang-audio.com\/api\/wp\/v2\/categories?post=9435"},{"taxonomy":"post_tag","embeddable":true,"href":"https:\/\/lukang-audio.com\/api\/wp\/v2\/tags?post=9435"}],"curies":[{"name":"wp","href":"https:\/\/api.w.org\/{rel}","templated":true}]}}